{"id":160199,"date":"2020-03-25T14:43:18","date_gmt":"2020-03-25T17:43:18","guid":{"rendered":"http:\/\/www.caririemacao.com\/1\/?p=160199"},"modified":"2020-03-25T14:43:20","modified_gmt":"2020-03-25T17:43:20","slug":"pacientes-diagnosticados-com-coronavirus-na-paraiba-estao-curados-diz-secretario","status":"publish","type":"post","link":"https:\/\/www.caririemacao.com\/1\/2020\/03\/25\/pacientes-diagnosticados-com-coronavirus-na-paraiba-estao-curados-diz-secretario\/","title":{"rendered":"Pacientes diagnosticados com coronav\u00edrus na Para\u00edba est\u00e3o curados, diz secret\u00e1rio"},"content":{"rendered":"\n<p><br>O secret\u00e1rio de Sa\u00fade da Para\u00edba, m\u00e9dico Geraldo Medeiros, anunciou nesta quarta-feira (25) que as tr\u00eas pessoas diagnosticadas com o Covid-19 no Estado est\u00e3o curadas.<\/p>\n\n\n\n<p>O tratamento dos pacientes foi realizado em domic\u00edlio. Dois pacientes que contra\u00edram o coronav\u00edrus s\u00e3o homens de 60 anos de idade.<\/p>\n\n\n\n<p>Um tem hist\u00f3rico de viagem \u00e0 Europa e o outro homem tem hist\u00f3rico de viagem a S\u00e3o Paulo.<\/p>\n\n\n\n<figure class=\"wp-block-image\"><img decoding=\"async\" data-src=\"https:\/\/paraibaonline.com.br\/wp-content\/uploads\/2020\/03\/corona-laborat2503.jpg\" alt=\"Foto: Reprodu\u00e7\u00e3o\" class=\"wp-image-845760 lazyload\" src=\"data:image\/svg+xml;base64,PHN2ZyB3aWR0aD0iMSIgaGVpZ2h0PSIxIiB4bWxucz0iaHR0cDovL3d3dy53My5vcmcvMjAwMC9zdmciPjwvc3ZnPg==\" \/><\/figure>\n\n\n\n<p>Foto ilustrativa: Reprodu\u00e7\u00e3o<\/p>\n\n\n\n<p>O terceiro caso confirmado na Para\u00edba \u00e9 de uma mulher de 31 anos de idade e que tem hist\u00f3rico de viagem a S\u00e3o Paulo.<\/p>\n\n\n\n<p>Ainda de acordo com a assessoria da Secretaria do Estado da Sa\u00fade, os tr\u00eas pacientes est\u00e3o fora do per\u00edodo de 14 dias de transmiss\u00e3o da doen\u00e7a, est\u00e3o bem e em casa.<\/p>\n","protected":false},"excerpt":{"rendered":"<p>O secret\u00e1rio de Sa\u00fade da Para\u00edba, m\u00e9dico Geraldo Medeiros, anunciou nesta quarta-feira (25) que as tr\u00eas pessoas diagnosticadas com o Covid-19 no Estado est\u00e3o curadas.&hellip; <\/p>\n","protected":false},"author":2,"featured_media":160200,"comment_status":"closed","ping_status":"closed","sticky":false,"template":"","format":"standard","meta":{"sfsi_plus_gutenberg_text_before_share":"","sfsi_plus_gutenberg_show_text_before_share":"","sfsi_plus_gutenberg_icon_type":"","sfsi_plus_gutenberg_icon_alignemt":"","sfsi_plus_gutenburg_max_per_row":"","footnotes":""},"categories":[2],"tags":[],"class_list":["post-160199","post","type-post","status-publish","format-standard","has-post-thumbnail","hentry","category-geral"],"_links":{"self":[{"href":"https:\/\/www.caririemacao.com\/1\/wp-json\/wp\/v2\/posts\/160199","targetHints":{"allow":["GET"]}}],"collection":[{"href":"https:\/\/www.caririemacao.com\/1\/wp-json\/wp\/v2\/posts"}],"about":[{"href":"https:\/\/www.caririemacao.com\/1\/wp-json\/wp\/v2\/types\/post"}],"author":[{"embeddable":true,"href":"https:\/\/www.caririemacao.com\/1\/wp-json\/wp\/v2\/users\/2"}],"replies":[{"embeddable":true,"href":"https:\/\/www.caririemacao.com\/1\/wp-json\/wp\/v2\/comments?post=160199"}],"version-history":[{"count":1,"href":"https:\/\/www.caririemacao.com\/1\/wp-json\/wp\/v2\/posts\/160199\/revisions"}],"predecessor-version":[{"id":160201,"href":"https:\/\/www.caririemacao.com\/1\/wp-json\/wp\/v2\/posts\/160199\/revisions\/160201"}],"wp:featuredmedia":[{"embeddable":true,"href":"https:\/\/www.caririemacao.com\/1\/wp-json\/wp\/v2\/media\/160200"}],"wp:attachment":[{"href":"https:\/\/www.caririemacao.com\/1\/wp-json\/wp\/v2\/media?parent=160199"}],"wp:term":[{"taxonomy":"category","embeddable":true,"href":"https:\/\/www.caririemacao.com\/1\/wp-json\/wp\/v2\/categories?post=160199"},{"taxonomy":"post_tag","embeddable":true,"href":"https:\/\/www.caririemacao.com\/1\/wp-json\/wp\/v2\/tags?post=160199"}],"curies":[{"name":"wp","href":"https:\/\/api.w.org\/{rel}","templated":true}]}}