{"id":160207,"date":"2020-03-25T16:52:30","date_gmt":"2020-03-25T19:52:30","guid":{"rendered":"http:\/\/www.caririemacao.com\/1\/?p=160207"},"modified":"2020-03-25T16:52:32","modified_gmt":"2020-03-25T19:52:32","slug":"aplicativo-black-107-promete-ajudar-comercio-e-clientes-durante-a-quarentena-em-sume","status":"publish","type":"post","link":"https:\/\/www.caririemacao.com\/1\/2020\/03\/25\/aplicativo-black-107-promete-ajudar-comercio-e-clientes-durante-a-quarentena-em-sume\/","title":{"rendered":"Aplicativo Black 107 promete ajudar com\u00e9rcio e clientes durante a quarentena em Sum\u00e9"},"content":{"rendered":"\n<p>Um aplicativo denominado Black 107, desenvolvido pelo jovem sumeense, Leandro Gra\u00e7a, promete facilitar a vida de comerciantes e da popula\u00e7\u00e3o de Sum\u00e9 durante a quarentena do coronav\u00edrus.<\/p>\n\n\n\n<p>O Black 107 \u00e9 um aplicativo estilo Uber, nele as pessoas poder\u00e3o utilizar servi\u00e7os de carro particular, mototataxi, carro para p\u00fablico feminino, bicicletas e servi\u00e7os de entrega.<\/p>\n\n\n\n<p>Com o surgimento da crise do coronav\u00edrus, os donos do aplicativo resolveram realizar uma parceria com a Prefeitura de Sum\u00e9 disponibilizando a fun\u00e7\u00e3o de entrega, sem a cobran\u00e7a da taxa por 15 dias para os motoqueiros.<\/p>\n\n\n\n<p>Para realizar o cadastro, os motoqueiros devem baixar o aplicativo no celular, na loja Play Store, passar por uma an\u00e1lise de documentos para em seguida ser  liberado para viagens. Os motoqueiros que queiram aderir ao app precisam ser habilitados, j\u00e1 os clientes ter\u00e3o duas op\u00e7\u00f5es de baixar o aplicativo, no Play Store e na fun\u00e7\u00e3o IOS.<\/p>\n\n\n\n<p>Outras parcerias entre os representantes do Blak 107 e a Prefeitura de Sum\u00e9 est\u00e3o sendo discutidas com o objetivo de facilitar tamb\u00e9m o acesso aos servi\u00e7os da gest\u00e3o municipal durante a quarentena do coronav\u00edrus. <\/p>\n\n\n\n<p>Para mais informa\u00e7\u00f5es sobre como aderir ao aplicativo, os interessados podem entrar em contato atrav\u00e9s dos n\u00fameros: &#x27a1;&#xfe0f;(83) 99603-1717, (83) 99856-0106 ou (83) 99856-0047.<\/p>\n","protected":false},"excerpt":{"rendered":"<p>Um aplicativo denominado Black 107, desenvolvido pelo jovem sumeense, Leandro Gra\u00e7a, promete facilitar a vida de comerciantes e da popula\u00e7\u00e3o de Sum\u00e9 durante a quarentena&hellip; <\/p>\n","protected":false},"author":2,"featured_media":160208,"comment_status":"closed","ping_status":"closed","sticky":false,"template":"","format":"standard","meta":{"sfsi_plus_gutenberg_text_before_share":"","sfsi_plus_gutenberg_show_text_before_share":"","sfsi_plus_gutenberg_icon_type":"","sfsi_plus_gutenberg_icon_alignemt":"","sfsi_plus_gutenburg_max_per_row":"","footnotes":""},"categories":[2],"tags":[],"class_list":["post-160207","post","type-post","status-publish","format-standard","has-post-thumbnail","hentry","category-geral"],"_links":{"self":[{"href":"https:\/\/www.caririemacao.com\/1\/wp-json\/wp\/v2\/posts\/160207","targetHints":{"allow":["GET"]}}],"collection":[{"href":"https:\/\/www.caririemacao.com\/1\/wp-json\/wp\/v2\/posts"}],"about":[{"href":"https:\/\/www.caririemacao.com\/1\/wp-json\/wp\/v2\/types\/post"}],"author":[{"embeddable":true,"href":"https:\/\/www.caririemacao.com\/1\/wp-json\/wp\/v2\/users\/2"}],"replies":[{"embeddable":true,"href":"https:\/\/www.caririemacao.com\/1\/wp-json\/wp\/v2\/comments?post=160207"}],"version-history":[{"count":1,"href":"https:\/\/www.caririemacao.com\/1\/wp-json\/wp\/v2\/posts\/160207\/revisions"}],"predecessor-version":[{"id":160209,"href":"https:\/\/www.caririemacao.com\/1\/wp-json\/wp\/v2\/posts\/160207\/revisions\/160209"}],"wp:featuredmedia":[{"embeddable":true,"href":"https:\/\/www.caririemacao.com\/1\/wp-json\/wp\/v2\/media\/160208"}],"wp:attachment":[{"href":"https:\/\/www.caririemacao.com\/1\/wp-json\/wp\/v2\/media?parent=160207"}],"wp:term":[{"taxonomy":"category","embeddable":true,"href":"https:\/\/www.caririemacao.com\/1\/wp-json\/wp\/v2\/categories?post=160207"},{"taxonomy":"post_tag","embeddable":true,"href":"https:\/\/www.caririemacao.com\/1\/wp-json\/wp\/v2\/tags?post=160207"}],"curies":[{"name":"wp","href":"https:\/\/api.w.org\/{rel}","templated":true}]}}