{"id":160211,"date":"2020-03-25T17:28:47","date_gmt":"2020-03-25T20:28:47","guid":{"rendered":"http:\/\/www.caririemacao.com\/1\/?p=160211"},"modified":"2020-03-25T17:56:53","modified_gmt":"2020-03-25T20:56:53","slug":"moveletro-doa-colchoes-as-familias-atingidas-por-enchente-no-cariri","status":"publish","type":"post","link":"https:\/\/www.caririemacao.com\/1\/2020\/03\/25\/moveletro-doa-colchoes-as-familias-atingidas-por-enchente-no-cariri\/","title":{"rendered":"Moveletro doa colch\u00f5es para fam\u00edlias atingidas por enchente no Cariri"},"content":{"rendered":"\n<p>A maior rede de m\u00f3veis e eletrodom\u00e9sticos da regi\u00e3o do Cariri, a Moveletro Nordeste, esteve realizando na manh\u00e3 desta quarta-feira, dia 25\/03, na cidade de S\u00e3o Sebasti\u00e3o do Umbuzeiro  uma linda a\u00e7\u00e3o solid\u00e1ria, em prol das familias que foram afetadas pelas fortes chuvas dos \u00faltimos dias.<\/p>\n\n\n\n<p>O Cariri em A\u00e7\u00e3o esteve acompanhando a entrega de colch\u00f5es as familias atingidas com a inunda\u00e7\u00e3o ocorrida no munic\u00edpio.<\/p>\n\n\n\n<p>Na a\u00e7\u00e3o, estiveram presentes alguns funcion\u00e1rios da loja Moveletro Nordeste, o prefeito Adriano e o vice-prefeito Chico Mariano e v\u00e1rios volunt\u00e1rios que n\u00e3o t\u00eam medido esfor\u00e7os para ajudar estas fam\u00edlias que vivem pr\u00f3ximas ao rio que corta a cidade, local da inunda\u00e7\u00e3o.<\/p>\n\n\n\n<p>O empres\u00e1rio da Moveletro Nordeste, Ronaldo Chaves, disse que em contato com o prefeito Adriano, ficou sabendo que a situa\u00e7\u00e3o das fam\u00edlias afetadas \u00e9 bastante complicada, j\u00e1 que perderam simplesmente tudo, como colch\u00e3o, geladeira, fog\u00e3o, m\u00e1quina de lavar, sof\u00e1 e entre outras coisas. Sendo, gra\u00e7as a Deus, apenas bens materiais, fruto de muitos anos de luta e suor, das quase 100 (cem) fam\u00edlias foram afetadas.<\/p>\n\n\n\n<figure class=\"wp-block-image size-large\"><img fetchpriority=\"high\" decoding=\"async\" width=\"1024\" height=\"683\" src=\"http:\/\/www.caririemacao.com\/1\/wp-content\/uploads\/2020\/03\/DSC_1204-1024x683.jpg\" alt=\"\" class=\"wp-image-160217\" srcset=\"https:\/\/www.caririemacao.com\/1\/wp-content\/uploads\/2020\/03\/DSC_1204-1024x683.jpg 1024w, https:\/\/www.caririemacao.com\/1\/wp-content\/uploads\/2020\/03\/DSC_1204-300x200.jpg 300w, https:\/\/www.caririemacao.com\/1\/wp-content\/uploads\/2020\/03\/DSC_1204-768x512.jpg 768w, https:\/\/www.caririemacao.com\/1\/wp-content\/uploads\/2020\/03\/DSC_1204-1536x1024.jpg 1536w, https:\/\/www.caririemacao.com\/1\/wp-content\/uploads\/2020\/03\/DSC_1204-2048x1365.jpg 2048w\" sizes=\"(max-width: 1024px) 100vw, 1024px\" \/><\/figure>\n\n\n\n<p>As fam\u00edlias ficaram muito agradecidas ao receberem as doa\u00e7\u00f5es dos colch\u00f5es. Algumas relataram que estavam dormindo nos colch\u00f5es estragados pela inunda\u00e7\u00e3o.<\/p>\n\n\n\n<figure class=\"wp-block-image size-large\"><img decoding=\"async\" width=\"1024\" height=\"683\" data-src=\"http:\/\/www.caririemacao.com\/1\/wp-content\/uploads\/2020\/03\/DSC_1187-1024x683.jpg\" alt=\"\" class=\"wp-image-160219 lazyload\" data-srcset=\"https:\/\/www.caririemacao.com\/1\/wp-content\/uploads\/2020\/03\/DSC_1187-1024x683.jpg 1024w, https:\/\/www.caririemacao.com\/1\/wp-content\/uploads\/2020\/03\/DSC_1187-300x200.jpg 300w, https:\/\/www.caririemacao.com\/1\/wp-content\/uploads\/2020\/03\/DSC_1187-768x512.jpg 768w, https:\/\/www.caririemacao.com\/1\/wp-content\/uploads\/2020\/03\/DSC_1187-1536x1024.jpg 1536w, https:\/\/www.caririemacao.com\/1\/wp-content\/uploads\/2020\/03\/DSC_1187-2048x1365.jpg 2048w\" data-sizes=\"(max-width: 1024px) 100vw, 1024px\" src=\"data:image\/svg+xml;base64,PHN2ZyB3aWR0aD0iMSIgaGVpZ2h0PSIxIiB4bWxucz0iaHR0cDovL3d3dy53My5vcmcvMjAwMC9zdmciPjwvc3ZnPg==\" style=\"--smush-placeholder-width: 1024px; --smush-placeholder-aspect-ratio: 1024\/683;\" \/><\/figure>\n\n\n\n<figure class=\"wp-block-image size-large\"><img decoding=\"async\" width=\"1024\" height=\"683\" data-src=\"http:\/\/www.caririemacao.com\/1\/wp-content\/uploads\/2020\/03\/DSC_1181-1024x683.jpg\" alt=\"\" class=\"wp-image-160215 lazyload\" data-srcset=\"https:\/\/www.caririemacao.com\/1\/wp-content\/uploads\/2020\/03\/DSC_1181-1024x683.jpg 1024w, https:\/\/www.caririemacao.com\/1\/wp-content\/uploads\/2020\/03\/DSC_1181-300x200.jpg 300w, https:\/\/www.caririemacao.com\/1\/wp-content\/uploads\/2020\/03\/DSC_1181-768x512.jpg 768w, https:\/\/www.caririemacao.com\/1\/wp-content\/uploads\/2020\/03\/DSC_1181-1536x1024.jpg 1536w, https:\/\/www.caririemacao.com\/1\/wp-content\/uploads\/2020\/03\/DSC_1181-2048x1365.jpg 2048w\" data-sizes=\"(max-width: 1024px) 100vw, 1024px\" src=\"data:image\/svg+xml;base64,PHN2ZyB3aWR0aD0iMSIgaGVpZ2h0PSIxIiB4bWxucz0iaHR0cDovL3d3dy53My5vcmcvMjAwMC9zdmciPjwvc3ZnPg==\" style=\"--smush-placeholder-width: 1024px; --smush-placeholder-aspect-ratio: 1024\/683;\" \/><\/figure>\n\n\n\n<figure class=\"wp-block-image size-large\"><img decoding=\"async\" width=\"1024\" height=\"683\" data-src=\"http:\/\/www.caririemacao.com\/1\/wp-content\/uploads\/2020\/03\/DSC_1171-1024x683.jpg\" alt=\"\" class=\"wp-image-160216 lazyload\" data-srcset=\"https:\/\/www.caririemacao.com\/1\/wp-content\/uploads\/2020\/03\/DSC_1171-1024x683.jpg 1024w, https:\/\/www.caririemacao.com\/1\/wp-content\/uploads\/2020\/03\/DSC_1171-300x200.jpg 300w, https:\/\/www.caririemacao.com\/1\/wp-content\/uploads\/2020\/03\/DSC_1171-768x512.jpg 768w, https:\/\/www.caririemacao.com\/1\/wp-content\/uploads\/2020\/03\/DSC_1171-1536x1024.jpg 1536w, https:\/\/www.caririemacao.com\/1\/wp-content\/uploads\/2020\/03\/DSC_1171-2048x1365.jpg 2048w\" data-sizes=\"(max-width: 1024px) 100vw, 1024px\" src=\"data:image\/svg+xml;base64,PHN2ZyB3aWR0aD0iMSIgaGVpZ2h0PSIxIiB4bWxucz0iaHR0cDovL3d3dy53My5vcmcvMjAwMC9zdmciPjwvc3ZnPg==\" style=\"--smush-placeholder-width: 1024px; --smush-placeholder-aspect-ratio: 1024\/683;\" \/><\/figure>\n\n\n\n<p>Algumas dessas fam\u00edlias fizeram questao de agradecer tanto a Deus, quanto ao prefeito Adriano e tamb\u00e9m a loja Moveletro pelo gesto solid\u00e1rio.<\/p>\n\n\n\n<p>O prefeito Adriano Wolff parabenizou a iniciativa da empresa Moveletro Nordeste pelo ato e completou dizendo que a Prefeitura tamb\u00e9m vem tomando diversas medidas para ajudar estas familias, inclusive com a doa\u00e7\u00e3o de cestas b\u00e1sicas.<\/p>\n\n\n\n<p>  <\/p>\n","protected":false},"excerpt":{"rendered":"<p>A maior rede de m\u00f3veis e eletrodom\u00e9sticos da regi\u00e3o do Cariri, a Moveletro Nordeste, esteve realizando na manh\u00e3 desta quarta-feira, dia 25\/03, na cidade de&hellip; <\/p>\n","protected":false},"author":1,"featured_media":160222,"comment_status":"closed","ping_status":"closed","sticky":false,"template":"","format":"standard","meta":{"sfsi_plus_gutenberg_text_before_share":"","sfsi_plus_gutenberg_show_text_before_share":"","sfsi_plus_gutenberg_icon_type":"","sfsi_plus_gutenberg_icon_alignemt":"","sfsi_plus_gutenburg_max_per_row":"","footnotes":""},"categories":[6,50],"tags":[],"class_list":["post-160211","post","type-post","status-publish","format-standard","has-post-thumbnail","hentry","category-cidades","category-destaque"],"_links":{"self":[{"href":"https:\/\/www.caririemacao.com\/1\/wp-json\/wp\/v2\/posts\/160211","targetHints":{"allow":["GET"]}}],"collection":[{"href":"https:\/\/www.caririemacao.com\/1\/wp-json\/wp\/v2\/posts"}],"about":[{"href":"https:\/\/www.caririemacao.com\/1\/wp-json\/wp\/v2\/types\/post"}],"author":[{"embeddable":true,"href":"https:\/\/www.caririemacao.com\/1\/wp-json\/wp\/v2\/users\/1"}],"replies":[{"embeddable":true,"href":"https:\/\/www.caririemacao.com\/1\/wp-json\/wp\/v2\/comments?post=160211"}],"version-history":[{"count":8,"href":"https:\/\/www.caririemacao.com\/1\/wp-json\/wp\/v2\/posts\/160211\/revisions"}],"predecessor-version":[{"id":160228,"href":"https:\/\/www.caririemacao.com\/1\/wp-json\/wp\/v2\/posts\/160211\/revisions\/160228"}],"wp:featuredmedia":[{"embeddable":true,"href":"https:\/\/www.caririemacao.com\/1\/wp-json\/wp\/v2\/media\/160222"}],"wp:attachment":[{"href":"https:\/\/www.caririemacao.com\/1\/wp-json\/wp\/v2\/media?parent=160211"}],"wp:term":[{"taxonomy":"category","embeddable":true,"href":"https:\/\/www.caririemacao.com\/1\/wp-json\/wp\/v2\/categories?post=160211"},{"taxonomy":"post_tag","embeddable":true,"href":"https:\/\/www.caririemacao.com\/1\/wp-json\/wp\/v2\/tags?post=160211"}],"curies":[{"name":"wp","href":"https:\/\/api.w.org\/{rel}","templated":true}]}}