{"id":160230,"date":"2020-03-26T11:40:02","date_gmt":"2020-03-26T14:40:02","guid":{"rendered":"http:\/\/www.caririemacao.com\/1\/?p=160230"},"modified":"2020-03-26T11:49:32","modified_gmt":"2020-03-26T14:49:32","slug":"projeto-deve-regulamentar-o-sistema-de-deliberacao-remota-sdr-na-camara-de-sume","status":"publish","type":"post","link":"https:\/\/www.caririemacao.com\/1\/2020\/03\/26\/projeto-deve-regulamentar-o-sistema-de-deliberacao-remota-sdr-na-camara-de-sume\/","title":{"rendered":"Projeto deve regulamentar o Sistema de Delibera\u00e7\u00e3o Remota (SDR) na C\u00e2mara de Sum\u00e9"},"content":{"rendered":"\n<p>O presidente da C\u00e2mara Municipal de Sum\u00e9, Le\u00f4nidas Albino (Bomba), dever\u00e1 apresentar aos vereadores um projeto de resolu\u00e7\u00e3o que visa manter o funcionamento das sess\u00f5es a dist\u00e2ncia, mediante o contexto em que se encontra o pa\u00eds. <\/p>\n\n\n\n<p>A ideia \u00e9 que se fa\u00e7am as sess\u00f5es de forma online e virtual, para que assim, seja mantido o funcionamento dos debates, dando continuidade aos trabalhos legislativos, que s\u00e3o indispens\u00e1veis para a popula\u00e7\u00e3o sumeense.<\/p>\n\n\n\n<p>O Projeto destina-se regular o Sistema de Delibera\u00e7\u00e3o Remota (SDR) no \u00e2mbito da C\u00e2mara Municipal de Sum\u00e9-PB, medida para o funcionamento deliberativo remoto do Poder Legislativo Municipal diante de situa\u00e7\u00f5es de como o estado de pandemia, em que se encontra o pa\u00eds. <\/p>\n\n\n\n<p>O Poder Legislativo visa ainda, assegurar ao Munic\u00edpio de Sum\u00e9, em hip\u00f3teses como a mencionada, a continuidade dos trabalhos legislativos, indispens\u00e1veis para apoiar as medidas emergenciais necess\u00e1rias e adequadas aos referidos contextos. <\/p>\n\n\n\n<p>O projeto detalha os princ\u00edpios b\u00e1sicos que organizar\u00e3o o SDR e poder\u00e3o ser posteriormente regulamentados ou interpretados pela Mesa Diretora da C\u00e2mara Municipal de Sum\u00e9.<\/p>\n\n\n\n<p>O projeto de Resolu\u00e7\u00e3o est\u00e1 sendo encaminhado aos vereadores, para a partir de sua aprova\u00e7\u00e3o, a medida entrar em vigor.<\/p>\n\n\n\n<p>Enquanto a C\u00e2mara Municipal de Sum\u00e9 n\u00e3o implantar solu\u00e7\u00e3o tecnol\u00f3gica definitiva para o funcionamento do SDR, fica autorizada a utiliza\u00e7\u00e3o de e-mail institucional de uso exclusivo dos parlamentares para os fins de informa\u00e7\u00e3o da pauta de delibera\u00e7\u00e3o, vota\u00e7\u00e3o das mat\u00e9rias pautadas e de divulga\u00e7\u00e3o dos resultados das delibera\u00e7\u00f5es.<\/p>\n\n\n\n<p>O presidente Bomba afirmou que nunca se cogitou fechar a C\u00e2mara Municipal em raz\u00e3o da crise do coronav\u00edrus. \u201cNunca vai fechar. Estamos apenas tomando medidas preventivas, segundo orienta\u00e7\u00f5es dos \u00f3rg\u00e3os competentes&#8221;, afirmou o presidente.<\/p>\n\n\n\n<p>.&nbsp;<\/p>\n","protected":false},"excerpt":{"rendered":"<p>O presidente da C\u00e2mara Municipal de Sum\u00e9, Le\u00f4nidas Albino (Bomba), dever\u00e1 apresentar aos vereadores um projeto de resolu\u00e7\u00e3o que visa manter o funcionamento das sess\u00f5es&hellip; <\/p>\n","protected":false},"author":1,"featured_media":19384,"comment_status":"closed","ping_status":"closed","sticky":false,"template":"","format":"standard","meta":{"sfsi_plus_gutenberg_text_before_share":"","sfsi_plus_gutenberg_show_text_before_share":"","sfsi_plus_gutenberg_icon_type":"","sfsi_plus_gutenberg_icon_alignemt":"","sfsi_plus_gutenburg_max_per_row":"","footnotes":""},"categories":[6,50],"tags":[],"class_list":["post-160230","post","type-post","status-publish","format-standard","has-post-thumbnail","hentry","category-cidades","category-destaque"],"_links":{"self":[{"href":"https:\/\/www.caririemacao.com\/1\/wp-json\/wp\/v2\/posts\/160230","targetHints":{"allow":["GET"]}}],"collection":[{"href":"https:\/\/www.caririemacao.com\/1\/wp-json\/wp\/v2\/posts"}],"about":[{"href":"https:\/\/www.caririemacao.com\/1\/wp-json\/wp\/v2\/types\/post"}],"author":[{"embeddable":true,"href":"https:\/\/www.caririemacao.com\/1\/wp-json\/wp\/v2\/users\/1"}],"replies":[{"embeddable":true,"href":"https:\/\/www.caririemacao.com\/1\/wp-json\/wp\/v2\/comments?post=160230"}],"version-history":[{"count":11,"href":"https:\/\/www.caririemacao.com\/1\/wp-json\/wp\/v2\/posts\/160230\/revisions"}],"predecessor-version":[{"id":160376,"href":"https:\/\/www.caririemacao.com\/1\/wp-json\/wp\/v2\/posts\/160230\/revisions\/160376"}],"wp:featuredmedia":[{"embeddable":true,"href":"https:\/\/www.caririemacao.com\/1\/wp-json\/wp\/v2\/media\/19384"}],"wp:attachment":[{"href":"https:\/\/www.caririemacao.com\/1\/wp-json\/wp\/v2\/media?parent=160230"}],"wp:term":[{"taxonomy":"category","embeddable":true,"href":"https:\/\/www.caririemacao.com\/1\/wp-json\/wp\/v2\/categories?post=160230"},{"taxonomy":"post_tag","embeddable":true,"href":"https:\/\/www.caririemacao.com\/1\/wp-json\/wp\/v2\/tags?post=160230"}],"curies":[{"name":"wp","href":"https:\/\/api.w.org\/{rel}","templated":true}]}}