{"id":160242,"date":"2020-03-26T06:25:07","date_gmt":"2020-03-26T09:25:07","guid":{"rendered":"http:\/\/www.caririemacao.com\/1\/?p=160242"},"modified":"2020-03-26T06:25:09","modified_gmt":"2020-03-26T09:25:09","slug":"vice-presidente-destoa-de-bolsonaro-e-defende-isolamento-social","status":"publish","type":"post","link":"https:\/\/www.caririemacao.com\/1\/2020\/03\/26\/vice-presidente-destoa-de-bolsonaro-e-defende-isolamento-social\/","title":{"rendered":"Vice-presidente destoa de Bolsonaro e defende isolamento social"},"content":{"rendered":"\n<p>O vice-presidente Hamilton Mour\u00e3o (PRTB) afirmou nesta quarta-feira (25) que o posicionamento do governo \u00e9 \u00fanico para o combate do novo Coronav\u00edrus e defendeu o isolamento e distanciamento social.<\/p>\n\n\n\n<p>Sobre o pronunciamento do presidente Jair Bolsonaro (sem partido) em rede nacional no dia anterior, Mour\u00e3o disse que talvez ele n\u00e3o tenha se expressado da melhor forma.<\/p>\n\n\n\n<p>\u201cA posi\u00e7\u00e3o do nosso governo por enquanto \u00e9 uma s\u00f3: isolamento e distanciamento social. Isso est\u00e1 sendo discutido e ontem o presidente buscou colocar e pode ser que ele tenha se expressado de uma forma, digamos assim, que n\u00e3o foi a melhor, mas o que ele buscou colocar \u00e9 a preocupa\u00e7\u00e3o que todos n\u00f3s temos com a segunda onda como se chama nesta quest\u00e3o do Coronav\u00edrus. N\u00f3s temos uma primeira onda, que \u00e9 a sa\u00fade, e temos uma segunda onda, que \u00e9 a quest\u00e3o econ\u00f4mica\u201d, afirmou o vice-presidente em entrevista coletiva.<\/p>\n\n\n\n<p>Na noite de ter\u00e7a (24), Bolsonaro fez um pronunciamento em rede social e voltou a falar em \u201chisteria\u201d sobre a pandemia. O presidente defendeu que escolas e com\u00e9rcio sejam reabertos e que isolamento seja imposto apenas a pessoas mais velhas ou que integrem o grupo de risco.<\/p>\n\n\n\n<p>A fala do presidente foi bastante criticada por especialistas e a oposi\u00e7\u00e3o. Ele se referiu ainda ao novo Coronav\u00edrus como \u201cgripezinha\u201d ou \u201cresfriadinho\u201d e disse que se for contagiado n\u00e3o ter\u00e1 forte impacto em sua sa\u00fade por seu hist\u00f3rico de atleta, embora n\u00e3o haja respaldo cient\u00edfico para esta afirma\u00e7\u00e3o.<\/p>\n\n\n\n<p>Mour\u00e3o foi ent\u00e3o questionado pela reportagem sobre a diverg\u00eancia entre o discurso do presidente, que defende isolamento apenas de pessoas mais velhas e mais vulner\u00e1veis, e da orienta\u00e7\u00e3o do Minist\u00e9rio da Sa\u00fade e da OMS (Organiza\u00e7\u00e3o Mundial da Sa\u00fade), que falam em distanciamento social para todos os cidad\u00e3os.<\/p>\n\n\n\n<p>\u201cExiste uma discuss\u00e3o no mundo entre o isolamento horizontal e o isolamento vertical que s\u00e3o pessoas que pertence ao grupo de risco e as que t\u00eam conv\u00edvio com elas. A minha vis\u00e3o por enquanto \u00e9 que temos que terminar esse per\u00edodo que estamos em isolamento para que haja calibragem da forma como est\u00e1 avan\u00e7ando a epidemia no pa\u00eds e, a partir da\u00ed, se possa gradativamente ir liberando as pessoas dentro de atividades essenciais para que a vida vegetativa do pa\u00eds prossiga.\u201d<\/p>\n","protected":false},"excerpt":{"rendered":"<p>O vice-presidente Hamilton Mour\u00e3o (PRTB) afirmou nesta quarta-feira (25) que o posicionamento do governo \u00e9 \u00fanico para o combate do novo Coronav\u00edrus e defendeu o&hellip; <\/p>\n","protected":false},"author":2,"featured_media":157126,"comment_status":"closed","ping_status":"closed","sticky":false,"template":"","format":"standard","meta":{"sfsi_plus_gutenberg_text_before_share":"","sfsi_plus_gutenberg_show_text_before_share":"","sfsi_plus_gutenberg_icon_type":"","sfsi_plus_gutenberg_icon_alignemt":"","sfsi_plus_gutenburg_max_per_row":"","footnotes":""},"categories":[11],"tags":[],"class_list":["post-160242","post","type-post","status-publish","format-standard","has-post-thumbnail","hentry","category-politica"],"_links":{"self":[{"href":"https:\/\/www.caririemacao.com\/1\/wp-json\/wp\/v2\/posts\/160242","targetHints":{"allow":["GET"]}}],"collection":[{"href":"https:\/\/www.caririemacao.com\/1\/wp-json\/wp\/v2\/posts"}],"about":[{"href":"https:\/\/www.caririemacao.com\/1\/wp-json\/wp\/v2\/types\/post"}],"author":[{"embeddable":true,"href":"https:\/\/www.caririemacao.com\/1\/wp-json\/wp\/v2\/users\/2"}],"replies":[{"embeddable":true,"href":"https:\/\/www.caririemacao.com\/1\/wp-json\/wp\/v2\/comments?post=160242"}],"version-history":[{"count":1,"href":"https:\/\/www.caririemacao.com\/1\/wp-json\/wp\/v2\/posts\/160242\/revisions"}],"predecessor-version":[{"id":160243,"href":"https:\/\/www.caririemacao.com\/1\/wp-json\/wp\/v2\/posts\/160242\/revisions\/160243"}],"wp:featuredmedia":[{"embeddable":true,"href":"https:\/\/www.caririemacao.com\/1\/wp-json\/wp\/v2\/media\/157126"}],"wp:attachment":[{"href":"https:\/\/www.caririemacao.com\/1\/wp-json\/wp\/v2\/media?parent=160242"}],"wp:term":[{"taxonomy":"category","embeddable":true,"href":"https:\/\/www.caririemacao.com\/1\/wp-json\/wp\/v2\/categories?post=160242"},{"taxonomy":"post_tag","embeddable":true,"href":"https:\/\/www.caririemacao.com\/1\/wp-json\/wp\/v2\/tags?post=160242"}],"curies":[{"name":"wp","href":"https:\/\/api.w.org\/{rel}","templated":true}]}}