{"id":160255,"date":"2020-03-26T06:30:03","date_gmt":"2020-03-26T09:30:03","guid":{"rendered":"http:\/\/www.caririemacao.com\/1\/?p=160255"},"modified":"2020-03-26T06:30:05","modified_gmt":"2020-03-26T09:30:05","slug":"ministro-da-saude-avisa-que-fica-apesar-de-estar-contrariado","status":"publish","type":"post","link":"https:\/\/www.caririemacao.com\/1\/2020\/03\/26\/ministro-da-saude-avisa-que-fica-apesar-de-estar-contrariado\/","title":{"rendered":"Ministro da Sa\u00fade avisa que fica, apesar de estar contrariado"},"content":{"rendered":"\n<p>O ministro da Sa\u00fade, Luiz Henrique Mandetta, endossou nesta quarta-feira (25) o pronunciamento do presidente Jair Bolsonaro e criticou medidas fortes de restri\u00e7\u00f5es de circula\u00e7\u00e3o por causa da pandemia de Coronav\u00edrus.<\/p>\n\n\n\n<p>Mandetta falou em racionalidade e afirmou que as determina\u00e7\u00f5es sobre quarentena foram feitas de forma desorganizadas, precipitadas e ocorreram muito cedo. Ele defendeu que haja melhores crit\u00e9rios conversados entre o Minist\u00e9rio da Sa\u00fade e governadores.<\/p>\n\n\n\n<p>\u201cTemos que melhorar esse neg\u00f3cio de quarentena, foi precipitado, foi desarrumado\u201d, disse. Mandetta afirmou que as restri\u00e7\u00f5es de circula\u00e7\u00e3o podem comprometer, inclusive, o sistema de sa\u00fade.<\/p>\n\n\n\n<p>O ministro participou de entrevista coletiva realizada de forma remota, mas fez apenas uma fala inicial. Ele se retirou antes de atender as perguntas encaminhadas pelos jornalistas.<\/p>\n\n\n\n<p>Em sua fala, Mandetta disse que fica no cargo e s\u00f3 sai quando o presidente achar que ele n\u00e3o serve ou se ficar doente.<\/p>\n\n\n\n<p>O ministro disse defender crit\u00e9rios de quarentena baseados em patamares de n\u00fameros de casos de cada estado. Assim, medidas poderiam ser tomadas de acordo com o avan\u00e7o da doen\u00e7a.<\/p>\n\n\n\n<p>Ele tamb\u00e9m citou as preocupa\u00e7\u00f5es econ\u00f4micas, um dos principais argumentos de Bolsonaro.<\/p>\n\n\n\n<p>\u201cSe n\u00e3o tivermos cuidado com atividade econ\u00f4mica, essa onda de dificuldade que a sa\u00fade vai trazer vai provocar uma onda de dificuldade ainda maior com crise econ\u00f4mica\u201d, diz.<\/p>\n\n\n\n<p>Em pronunciamento na noite desta ter\u00e7a-feira (24), Bolsonaro criticou o fechamento de escolas e do com\u00e9rcio, contrariou orienta\u00e7\u00f5es dos \u00f3rg\u00e3os de sa\u00fade e atacou governadores.<\/p>\n\n\n\n<p>Assim como Bolsonaro, o ministro da Sa\u00fade tamb\u00e9m citou alternativas para quarenta, que poderia ser focada apenas em idosos e de pessoas com sintomas.<\/p>\n\n\n\n<p>\u201cTem v\u00e1rias maneiras de fazer quarentena, a horizontal, a vertical, isso tudo tem um bando de gente estudando. N\u00e3o vamos fazer nada que a gente n\u00e3o tenha confian\u00e7a\u201d, disse. \u201cAntes de adotar o fecha tudo, existe a possibilidade de trabalhar por bairro, existe a possibilidade de fazer redu\u00e7\u00e3o em determinados aparelhos.\u201d<\/p>\n\n\n\n<p>Ele tamb\u00e9m falou da import\u00e2ncia da f\u00e9: \u201cQue as igrejas fiquem abertas, mas n\u00e3o se aglomerem.\u201d<\/p>\n\n\n\n<p>O Minist\u00e9rio da Sa\u00fade registra 2.433 casos da doen\u00e7a e 57 mortes nesta quarta-feira. A evolu\u00e7\u00e3o no n\u00famero casos, com rela\u00e7\u00e3o ao dia anterior, tem ca\u00eddo desde segunda-feira, quando se iniciaram restri\u00e7\u00f5es mais fortes de circula\u00e7\u00e3o em v\u00e1rios estados do pa\u00eds, como S\u00e3o Paulo (onde est\u00e1 a maioria dos casos e mortes).<\/p>\n\n\n\n<p>Nesta quarta, esse avan\u00e7o foi de 11% no Brasil. No dia 22, por exemplo, o aumento no n\u00famero de casos havia representado um salto de 37% na compara\u00e7\u00e3o com o dia anterior.<\/p>\n\n\n\n<p>O secret\u00e1rio-executivo do Minist\u00e9rio da Sa\u00fade, Jo\u00e3o Gabbardo, diz que n\u00e3o \u00e9 poss\u00edvel identificar impactos nessa evolu\u00e7\u00e3o.<\/p>\n\n\n\n<p>\u201cN\u00e3o h\u00e1 menor possibilidade de ter algum resultado com algo implementado h\u00e1 alguns dias atr\u00e1s\u201d, disse ele.<\/p>\n\n\n\n<p>Mandetta afirmou que o n\u00famero de casos est\u00e1 dentro do esperado para esta \u00e9poca.<\/p>\n\n\n\n<p>Segundo pesquisa Datafolha, o minist\u00e9rio que Mandetta coordena \u00e9 mais bem avaliado que o presidente da Rep\u00fablica na crise do Coronav\u00edrus.<\/p>\n\n\n\n<p>Dos 1.558 entrevistados entre 18 e 20 de mar\u00e7o, 55% aprovam o trabalho da pasta da Sa\u00fade. J\u00e1 Bolsonaro tem sua gest\u00e3o da pandemia aprovada por 35%.<\/p>\n\n\n\n<p>No domingo (22), em entrevista \u00e0 CNN Brasil, Bolsonaro afirmou que Mandetta havia exagerado e usado palavras inadequadas. Ele se referia \u00e0 declara\u00e7\u00e3o de que, em abril, o sistema de sa\u00fade entrar\u00e1 em colapso.<\/p>\n\n\n\n<p>Nos bastidores, Bolsonaro cobrou do m\u00e9dico um discurso mais afinado ao do Pal\u00e1cio do Planalto no combate \u00e0 pandemia do Coronav\u00edrus.<\/p>\n\n\n\n<p>O presidente se irritou, de acordo com auxiliares pr\u00f3ximos, com o fato de Mandetta n\u00e3o t\u00ea-lo defendido, em entrevistas \u00e0 imprensa, por ter participado de manifesta\u00e7\u00e3o a favor do governo em Bras\u00edlia em meio \u00e0 crise do coronav\u00edrus \u2013 a recomenda\u00e7\u00e3o da pasta era para evitar aglomera\u00e7\u00f5es.<\/p>\n","protected":false},"excerpt":{"rendered":"<p>O ministro da Sa\u00fade, Luiz Henrique Mandetta, endossou nesta quarta-feira (25) o pronunciamento do presidente Jair Bolsonaro e criticou medidas fortes de restri\u00e7\u00f5es de circula\u00e7\u00e3o&hellip; <\/p>\n","protected":false},"author":2,"featured_media":156682,"comment_status":"closed","ping_status":"closed","sticky":false,"template":"","format":"standard","meta":{"sfsi_plus_gutenberg_text_before_share":"","sfsi_plus_gutenberg_show_text_before_share":"","sfsi_plus_gutenberg_icon_type":"","sfsi_plus_gutenberg_icon_alignemt":"","sfsi_plus_gutenburg_max_per_row":"","footnotes":""},"categories":[11],"tags":[],"class_list":["post-160255","post","type-post","status-publish","format-standard","has-post-thumbnail","hentry","category-politica"],"_links":{"self":[{"href":"https:\/\/www.caririemacao.com\/1\/wp-json\/wp\/v2\/posts\/160255","targetHints":{"allow":["GET"]}}],"collection":[{"href":"https:\/\/www.caririemacao.com\/1\/wp-json\/wp\/v2\/posts"}],"about":[{"href":"https:\/\/www.caririemacao.com\/1\/wp-json\/wp\/v2\/types\/post"}],"author":[{"embeddable":true,"href":"https:\/\/www.caririemacao.com\/1\/wp-json\/wp\/v2\/users\/2"}],"replies":[{"embeddable":true,"href":"https:\/\/www.caririemacao.com\/1\/wp-json\/wp\/v2\/comments?post=160255"}],"version-history":[{"count":1,"href":"https:\/\/www.caririemacao.com\/1\/wp-json\/wp\/v2\/posts\/160255\/revisions"}],"predecessor-version":[{"id":160256,"href":"https:\/\/www.caririemacao.com\/1\/wp-json\/wp\/v2\/posts\/160255\/revisions\/160256"}],"wp:featuredmedia":[{"embeddable":true,"href":"https:\/\/www.caririemacao.com\/1\/wp-json\/wp\/v2\/media\/156682"}],"wp:attachment":[{"href":"https:\/\/www.caririemacao.com\/1\/wp-json\/wp\/v2\/media?parent=160255"}],"wp:term":[{"taxonomy":"category","embeddable":true,"href":"https:\/\/www.caririemacao.com\/1\/wp-json\/wp\/v2\/categories?post=160255"},{"taxonomy":"post_tag","embeddable":true,"href":"https:\/\/www.caririemacao.com\/1\/wp-json\/wp\/v2\/tags?post=160255"}],"curies":[{"name":"wp","href":"https:\/\/api.w.org\/{rel}","templated":true}]}}