{"id":160259,"date":"2020-03-26T06:34:46","date_gmt":"2020-03-26T09:34:46","guid":{"rendered":"http:\/\/www.caririemacao.com\/1\/?p=160259"},"modified":"2020-03-26T06:34:48","modified_gmt":"2020-03-26T09:34:48","slug":"nao-obedecam-o-senhor-presidente-fiquem-em-casa-afirma-infectologista","status":"publish","type":"post","link":"https:\/\/www.caririemacao.com\/1\/2020\/03\/26\/nao-obedecam-o-senhor-presidente-fiquem-em-casa-afirma-infectologista\/","title":{"rendered":"\u201cN\u00e3o obede\u00e7am o senhor presidente, fiquem em casa\u201d, afirma infectologista"},"content":{"rendered":"\n<p>O infectologista Jaime Ara\u00fajo afirmou que a popula\u00e7\u00e3o precisa manter as medidas de prote\u00e7\u00e3o contra o novo Coronav\u00edrus, tendo em vista que o v\u00edrus se propaga atrav\u00e9s do contato e das got\u00edculas de saliva contaminadas pelo ar.<\/p>\n\n\n\n<p>Ele explicou que o Brasil n\u00e3o possui a mesma estrutura de Sa\u00fade que alguns pa\u00edses, como a It\u00e1lia, e por isso os cuidados devem ser redobrados para que o cen\u00e1rio n\u00e3o se agrave.<\/p>\n\n\n\n<p>Jaime alertou a popula\u00e7\u00e3o sobre a necessidade de lavar bem as m\u00e3os e evitar aglomera\u00e7\u00f5es de pessoas at\u00e9 que a situa\u00e7\u00e3o seja controlada. Ele ainda considerou, durante entrevista \u00e0 R\u00e1dio Caturit\u00e9 FM, que o presidente Jair Bolsonaro foi infeliz ao dizer que n\u00e3o h\u00e1 motivo para p\u00e2nico e isolamento social.<\/p>\n\n\n\n<p>\u2013 Apesar de o novo Coronav\u00edrus ainda n\u00e3o ter se tornado uma epidemia em n\u00edveis da It\u00e1lia, o v\u00edrus se espalhar\u00e1 se n\u00e3o tomarmos medidas dr\u00e1sticas de isolamento social. \u00c9 importante que a popula\u00e7\u00e3o redobre as medidas de precau\u00e7\u00e3o e higiene e sobretudo n\u00e3o obede\u00e7am o senhor presidente. Fiquem em casa \u2013 disse.<\/p>\n","protected":false},"excerpt":{"rendered":"<p>O infectologista Jaime Ara\u00fajo afirmou que a popula\u00e7\u00e3o precisa manter as medidas de prote\u00e7\u00e3o contra o novo Coronav\u00edrus, tendo em vista que o v\u00edrus se&hellip; <\/p>\n","protected":false},"author":2,"featured_media":159808,"comment_status":"closed","ping_status":"closed","sticky":false,"template":"","format":"standard","meta":{"sfsi_plus_gutenberg_text_before_share":"","sfsi_plus_gutenberg_show_text_before_share":"","sfsi_plus_gutenberg_icon_type":"","sfsi_plus_gutenberg_icon_alignemt":"","sfsi_plus_gutenburg_max_per_row":"","footnotes":""},"categories":[6],"tags":[],"class_list":["post-160259","post","type-post","status-publish","format-standard","has-post-thumbnail","hentry","category-cidades"],"_links":{"self":[{"href":"https:\/\/www.caririemacao.com\/1\/wp-json\/wp\/v2\/posts\/160259","targetHints":{"allow":["GET"]}}],"collection":[{"href":"https:\/\/www.caririemacao.com\/1\/wp-json\/wp\/v2\/posts"}],"about":[{"href":"https:\/\/www.caririemacao.com\/1\/wp-json\/wp\/v2\/types\/post"}],"author":[{"embeddable":true,"href":"https:\/\/www.caririemacao.com\/1\/wp-json\/wp\/v2\/users\/2"}],"replies":[{"embeddable":true,"href":"https:\/\/www.caririemacao.com\/1\/wp-json\/wp\/v2\/comments?post=160259"}],"version-history":[{"count":1,"href":"https:\/\/www.caririemacao.com\/1\/wp-json\/wp\/v2\/posts\/160259\/revisions"}],"predecessor-version":[{"id":160260,"href":"https:\/\/www.caririemacao.com\/1\/wp-json\/wp\/v2\/posts\/160259\/revisions\/160260"}],"wp:featuredmedia":[{"embeddable":true,"href":"https:\/\/www.caririemacao.com\/1\/wp-json\/wp\/v2\/media\/159808"}],"wp:attachment":[{"href":"https:\/\/www.caririemacao.com\/1\/wp-json\/wp\/v2\/media?parent=160259"}],"wp:term":[{"taxonomy":"category","embeddable":true,"href":"https:\/\/www.caririemacao.com\/1\/wp-json\/wp\/v2\/categories?post=160259"},{"taxonomy":"post_tag","embeddable":true,"href":"https:\/\/www.caririemacao.com\/1\/wp-json\/wp\/v2\/tags?post=160259"}],"curies":[{"name":"wp","href":"https:\/\/api.w.org\/{rel}","templated":true}]}}