{"id":160263,"date":"2020-03-26T06:36:19","date_gmt":"2020-03-26T09:36:19","guid":{"rendered":"http:\/\/www.caririemacao.com\/1\/?p=160263"},"modified":"2020-03-26T06:36:21","modified_gmt":"2020-03-26T09:36:21","slug":"joao-azevedo-e-outros-governadores-do-nordeste-dizem-que-ficaram-frustrados-com-pronunciamento-agressivo-de-bolsonaro","status":"publish","type":"post","link":"https:\/\/www.caririemacao.com\/1\/2020\/03\/26\/joao-azevedo-e-outros-governadores-do-nordeste-dizem-que-ficaram-frustrados-com-pronunciamento-agressivo-de-bolsonaro\/","title":{"rendered":"Jo\u00e3o Azev\u00eado e outros governadores do Nordeste dizem que ficaram frustrados com pronunciamento agressivo de Bolsonaro"},"content":{"rendered":"\n<p>O governador Jo\u00e3o Azev\u00eado e os demais governadores do Nordeste divulgaram uma carta em que declaram manter as medidas de isolamento e restri\u00e7\u00f5es de funcionamento de estabelecimentos durante a pandemia do coronav\u00edrus. Os gestores tamb\u00e9m declararam na carta: &#8220;Ficamos frustrados com o posicionamento agressivo da Presid\u00eancia da Rep\u00fablica, que deveria exercer o seu papel de lideran\u00e7a e coaliza\u00e7\u00e3o em nome do Brasil.&#8221;<\/p>\n\n\n\n<p>A carta foi publicada ap\u00f3s a repercuss\u00e3o do pronunciamento do presidente Jair Bolsonaro que desestimulou, na noite dessa ter\u00e7a-feira (24), o per\u00edodo de recolhimento social e pediu reabertura de escolas e com\u00e9rcio. Isso contraria as pr\u00f3prias declara\u00e7\u00f5es do presidente e as recomenda\u00e7\u00f5es do Minist\u00e9rio da Sa\u00fade de seu governo.<\/p>\n\n\n\n<p>Na carta, Jo\u00e3o Azev\u00eado e demais governadores declaram: &#8220;Agress\u00f5es e brigas n\u00e3o salvar\u00e3o o pa\u00eds.&#8221; E pedem a\u00e7\u00f5es urgentes para os trabalhadores informais e aut\u00f4nomos, al\u00e9m de pedir uma coordena\u00e7\u00e3o e coopera\u00e7\u00e3o para proteger os empregos e a sobreviv\u00eancia dos mais pobres.<\/p>\n\n\n\n<p><strong>Veja a nota na \u00edntegra<\/strong><\/p>\n\n\n\n<figure class=\"wp-block-image\"><img decoding=\"async\" data-src=\"https:\/\/www.clickpb.com.br\/media\/filer_public\/89\/b6\/89b6538b-865f-4bb2-a046-50a074153939\/carta_governadores_nordeste_contra_pronunciamento_bolsonaro_25032020.jpeg\" alt=\"\" src=\"data:image\/svg+xml;base64,PHN2ZyB3aWR0aD0iMSIgaGVpZ2h0PSIxIiB4bWxucz0iaHR0cDovL3d3dy53My5vcmcvMjAwMC9zdmciPjwvc3ZnPg==\" class=\"lazyload\" \/><\/figure>\n","protected":false},"excerpt":{"rendered":"<p>O governador Jo\u00e3o Azev\u00eado e os demais governadores do Nordeste divulgaram uma carta em que declaram manter as medidas de isolamento e restri\u00e7\u00f5es de funcionamento&hellip; <\/p>\n","protected":false},"author":2,"featured_media":152985,"comment_status":"closed","ping_status":"closed","sticky":false,"template":"","format":"standard","meta":{"sfsi_plus_gutenberg_text_before_share":"","sfsi_plus_gutenberg_show_text_before_share":"","sfsi_plus_gutenberg_icon_type":"","sfsi_plus_gutenberg_icon_alignemt":"","sfsi_plus_gutenburg_max_per_row":"","footnotes":""},"categories":[11],"tags":[],"class_list":["post-160263","post","type-post","status-publish","format-standard","has-post-thumbnail","hentry","category-politica"],"_links":{"self":[{"href":"https:\/\/www.caririemacao.com\/1\/wp-json\/wp\/v2\/posts\/160263","targetHints":{"allow":["GET"]}}],"collection":[{"href":"https:\/\/www.caririemacao.com\/1\/wp-json\/wp\/v2\/posts"}],"about":[{"href":"https:\/\/www.caririemacao.com\/1\/wp-json\/wp\/v2\/types\/post"}],"author":[{"embeddable":true,"href":"https:\/\/www.caririemacao.com\/1\/wp-json\/wp\/v2\/users\/2"}],"replies":[{"embeddable":true,"href":"https:\/\/www.caririemacao.com\/1\/wp-json\/wp\/v2\/comments?post=160263"}],"version-history":[{"count":1,"href":"https:\/\/www.caririemacao.com\/1\/wp-json\/wp\/v2\/posts\/160263\/revisions"}],"predecessor-version":[{"id":160264,"href":"https:\/\/www.caririemacao.com\/1\/wp-json\/wp\/v2\/posts\/160263\/revisions\/160264"}],"wp:featuredmedia":[{"embeddable":true,"href":"https:\/\/www.caririemacao.com\/1\/wp-json\/wp\/v2\/media\/152985"}],"wp:attachment":[{"href":"https:\/\/www.caririemacao.com\/1\/wp-json\/wp\/v2\/media?parent=160263"}],"wp:term":[{"taxonomy":"category","embeddable":true,"href":"https:\/\/www.caririemacao.com\/1\/wp-json\/wp\/v2\/categories?post=160263"},{"taxonomy":"post_tag","embeddable":true,"href":"https:\/\/www.caririemacao.com\/1\/wp-json\/wp\/v2\/tags?post=160263"}],"curies":[{"name":"wp","href":"https:\/\/api.w.org\/{rel}","templated":true}]}}