{"id":160266,"date":"2020-03-26T06:37:57","date_gmt":"2020-03-26T09:37:57","guid":{"rendered":"http:\/\/www.caririemacao.com\/1\/?p=160266"},"modified":"2020-03-26T06:37:59","modified_gmt":"2020-03-26T09:37:59","slug":"orgaos-do-sistema-de-justica-entregam-15-respiradores-pulmonares-avaliados-em-r-825-mil-a-hospitais-da-paraiba","status":"publish","type":"post","link":"https:\/\/www.caririemacao.com\/1\/2020\/03\/26\/orgaos-do-sistema-de-justica-entregam-15-respiradores-pulmonares-avaliados-em-r-825-mil-a-hospitais-da-paraiba\/","title":{"rendered":"\u00d3rg\u00e3os do Sistema de Justi\u00e7a entregam 15 respiradores pulmonares avaliados em R$ 825 mil a hospitais da Para\u00edba"},"content":{"rendered":"\n<p>\u00d3rg\u00e3os integrantes do Sistema de Justi\u00e7a entregaram 15 respiradores pulmonares \u00e0 rede de sa\u00fade p\u00fablica, no Estado, que est\u00e1 se preparando para enfrentar a pandemia do novo coronav\u00edrus. Os equipamentos \u2014 fruto dos esfor\u00e7os investigativos da for\u00e7a-tarefa e de decis\u00f5es do Poder Judici\u00e1rio \u2014 foram destinados a hospitais do Estado (no total de 10), dos munic\u00edpios de Jo\u00e3o Pessoa e Campina Grande (dois para cada cidade) e ao Hospital Universit\u00e1rio Lauro Wanderley (HULW).<\/p>\n\n\n\n<p>O procurador-geral de Justi\u00e7a, Francisco Ser\u00e1phico Ferraz da N\u00f3brega Filho, explicou que todos os esfor\u00e7os poss\u00edveis est\u00e3o sendo feitos, neste momento, para que a rede de sa\u00fade da Para\u00edba possa ser fortalecida. \u201cAs autoridades de sa\u00fade t\u00eam feito proje\u00e7\u00f5es de aumento de casos graves da covid-19 e estamos nos mobilizando em v\u00e1rias frentes para garantir que os efeitos sejam minimizados e que a rede de sa\u00fade tenha condi\u00e7\u00f5es para atender aos pacientes com complica\u00e7\u00f5es graves advindas da doen\u00e7a\u201d, disse o chefe do Minist\u00e9rio P\u00fablico da Para\u00edba.<\/p>\n\n\n\n<p>Os equipamentos, avaliados em R$ 825 mil, j\u00e1 foram disponibilizados aos gestores de sa\u00fade. Os recursos foram obtidos no&nbsp; \u00e2mbito da Opera\u00e7\u00e3o Calv\u00e1rio, deflagrada em dezembro de 2018. A investiga\u00e7\u00e3o est\u00e1 sendo realizada por uma for\u00e7a-tarefa, composta pelo Grupo de Atua\u00e7\u00e3o Especial Contra o Crime Organizado (Gaeco), com o apoio da Comiss\u00e3o de Combate aos Crimes de Responsabilidade e \u00e0 Improbidade Administrativa (Ccrimp\/MPPB), Pol\u00edcia Federal,&nbsp; Controladoria-Geral da Uni\u00e3o e Minist\u00e9rio p\u00fablico Federal.<\/p>\n\n\n\n<p>&nbsp;O objetivo \u00e9 investigar e desarticular uma organiza\u00e7\u00e3o criminosa que foi respons\u00e1vel pelo desvio de&nbsp; recursos das \u00e1reas de sa\u00fade e educa\u00e7\u00e3o. Atrav\u00e9s dessa a\u00e7\u00e3o, que recebe a participa\u00e7\u00e3o do Poder Judici\u00e1rio, por meio do desembargador Ricardo Vital de Almeida, relator do processo, parte desses recursos desviados est\u00e3o voltando \u00e0 sa\u00fade.<\/p>\n","protected":false},"excerpt":{"rendered":"<p>\u00d3rg\u00e3os integrantes do Sistema de Justi\u00e7a entregaram 15 respiradores pulmonares \u00e0 rede de sa\u00fade p\u00fablica, no Estado, que est\u00e1 se preparando para enfrentar a pandemia&hellip; <\/p>\n","protected":false},"author":2,"featured_media":160267,"comment_status":"closed","ping_status":"closed","sticky":false,"template":"","format":"standard","meta":{"sfsi_plus_gutenberg_text_before_share":"","sfsi_plus_gutenberg_show_text_before_share":"","sfsi_plus_gutenberg_icon_type":"","sfsi_plus_gutenberg_icon_alignemt":"","sfsi_plus_gutenburg_max_per_row":"","footnotes":""},"categories":[2],"tags":[],"class_list":["post-160266","post","type-post","status-publish","format-standard","has-post-thumbnail","hentry","category-geral"],"_links":{"self":[{"href":"https:\/\/www.caririemacao.com\/1\/wp-json\/wp\/v2\/posts\/160266","targetHints":{"allow":["GET"]}}],"collection":[{"href":"https:\/\/www.caririemacao.com\/1\/wp-json\/wp\/v2\/posts"}],"about":[{"href":"https:\/\/www.caririemacao.com\/1\/wp-json\/wp\/v2\/types\/post"}],"author":[{"embeddable":true,"href":"https:\/\/www.caririemacao.com\/1\/wp-json\/wp\/v2\/users\/2"}],"replies":[{"embeddable":true,"href":"https:\/\/www.caririemacao.com\/1\/wp-json\/wp\/v2\/comments?post=160266"}],"version-history":[{"count":1,"href":"https:\/\/www.caririemacao.com\/1\/wp-json\/wp\/v2\/posts\/160266\/revisions"}],"predecessor-version":[{"id":160268,"href":"https:\/\/www.caririemacao.com\/1\/wp-json\/wp\/v2\/posts\/160266\/revisions\/160268"}],"wp:featuredmedia":[{"embeddable":true,"href":"https:\/\/www.caririemacao.com\/1\/wp-json\/wp\/v2\/media\/160267"}],"wp:attachment":[{"href":"https:\/\/www.caririemacao.com\/1\/wp-json\/wp\/v2\/media?parent=160266"}],"wp:term":[{"taxonomy":"category","embeddable":true,"href":"https:\/\/www.caririemacao.com\/1\/wp-json\/wp\/v2\/categories?post=160266"},{"taxonomy":"post_tag","embeddable":true,"href":"https:\/\/www.caririemacao.com\/1\/wp-json\/wp\/v2\/tags?post=160266"}],"curies":[{"name":"wp","href":"https:\/\/api.w.org\/{rel}","templated":true}]}}