{"id":160276,"date":"2020-03-26T06:41:43","date_gmt":"2020-03-26T09:41:43","guid":{"rendered":"http:\/\/www.caririemacao.com\/1\/?p=160276"},"modified":"2020-03-26T06:41:44","modified_gmt":"2020-03-26T09:41:44","slug":"coronavirus-ministerio-vai-permitir-que-medicos-usem-remedio-da-malaria-em-pacientes-graves","status":"publish","type":"post","link":"https:\/\/www.caririemacao.com\/1\/2020\/03\/26\/coronavirus-ministerio-vai-permitir-que-medicos-usem-remedio-da-malaria-em-pacientes-graves\/","title":{"rendered":"Coronav\u00edrus: Minist\u00e9rio vai permitir que m\u00e9dicos usem rem\u00e9dio da mal\u00e1ria em pacientes graves"},"content":{"rendered":"\n<p>O Minist\u00e9rio da Sa\u00fade anunciou que vai liberar a partir de sexta-feira 3,4 milh\u00f5es de unidades do medicamento cloroquina para que os m\u00e9dicos possam avaliar seu uso em pacientes graves do novo coronav\u00edrus, que j\u00e1 matou 57 pessoas no Brasil. Foi elaborado um protocolo, que prev\u00ea cinco dias de tratamento, sempre dentro do hospital e monitorado por um m\u00e9dico, em raz\u00e3o de seus efeitos colaterais. O rem\u00e9dio j\u00e1 \u00e9 utilizado no tratamento de mal\u00e1ria, l\u00fapus e artrite.<\/p>\n\n\n\n<p>\u2014 O que o Minist\u00e9rio da Sa\u00fade est\u00e1 fazendo \u00e9 deixar no arsenal, deixar \u00e0 m\u00e3o do profissional m\u00e9dico. Se ele entender que o paciente grave pode se beneficiar, o que vamos fazer \u00e9 deixar esse rem\u00e9dio ao alcance dele \u2014 disse o ministro da Sa\u00fade, Luiz Henrique Mandetta.<\/p>\n\n\n\n<p>O secret\u00e1rio de Ci\u00eancia, Tecnologia e Insumos Estrat\u00e9gicos, Denizar Viana, destacou que o uso ser\u00e1 restrito. Ele disse que, no caso dos pacientes graves, os benef\u00edcios podem superar os riscos.<\/p>\n\n\n\n<p>\u2014 Esse medicamento n\u00e3o \u00e9 indicado para preven\u00e7\u00e3o. N\u00e3o \u00e9 indicado para os sintomas leves \u2014 disse Denizar.<\/p>\n\n\n\n<p>Segundo o Minist\u00e9rio da Sa\u00fade, a cloroquina demonstrou ter a\u00e7\u00e3o contra o v\u00edrus em laborat\u00f3rio. Tamb\u00e9m h\u00e1 indica\u00e7\u00e3o de melhora nos pacientes graves. Por outro lado, o Minist\u00e9rio da Sa\u00fade ressaltou que ainda \u00e9 preciso evid\u00eancias cl\u00ednicas mais robustas. &#8220;A \u00fanica evid\u00eancia mostra aparente redu\u00e7\u00e3o da carga de v\u00edrus em secre\u00e7\u00f5es respirat\u00f3rias&#8221;, informou a pasta.<\/p>\n\n\n\n<p><strong>N\u00famero de infectados chega a 2.433<\/strong><br><\/p>\n\n\n\n<p>O n\u00famero de pessoas diagnosticadas com o novo coronav\u00edrus no Brasil subiu para 2.433 e o total de mortes chega a 57. Os dados foram divulgados pelo Minist\u00e9rio da Sa\u00fade na tarde desta quarta-feira, junto com a informa\u00e7\u00e3o sobre o uso da cloroquina. No \u00faltimo balan\u00e7o do governo, na ter\u00e7a-feira, o total de infectados chegava a 2.201, com 46 mortes confirmadas. O crescimento no n\u00famero de casos confirmados foi de 10,5%. No de mortos, o avan\u00e7o foi de 23,9%.<\/p>\n\n\n\n<p>O balan\u00e7o desta quarta-feira mostra as primeiras mortes decorrentes da Covid-19 fora da regi\u00e3o Sudeste. Das 11 mortes novas registradas, tr\u00eas foram fora da regi\u00e3o Sudeste. Uma no Amazonas, uma em Pernambuco e uma no Rio Grande do Sul.<\/p>\n\n\n\n<p>O Rio de Janeiro continua a ser o segundo estado com os maiores n\u00fameros de casos confirmados e de mortes. Na ter\u00e7a, o estado tinha 305 casos e seis mortes. No balan\u00e7o divulgado nesta quarta-feira, o Rio de Janeiro tem 370 casos. O n\u00famero de mortes permanece o mesmo. Em rela\u00e7\u00e3o ao dia anterior, o crescimento no n\u00famero de casos foi de 21%.<\/p>\n\n\n\n<p>S\u00e3o Paulo \u00e9 o estado com o maior n\u00famero de casos e de mortes. Na ter\u00e7a, o estado tinha 810 casos confirmados e 40 mortes. Nesta quarta-feira, o estado tem 862 casos e 48 mortes. Em rela\u00e7\u00e3o ao dia anterior, o n\u00famero de casos em S\u00e3o Paulo cresceu 6%. O n\u00famero de mortes aumentou 20%.<\/p>\n\n\n\n<p>O ministro da Sa\u00fade, Luiz Henrique Mandetta, informou que os n\u00fameros est\u00e3o crescendo num ritmo parecido ao dos \u00faltimos dias. Mas ele chamou a aten\u00e7\u00e3o para alguns estados.<\/p>\n\n\n\n<p>No Norte, houve a primeira morte, no Amazonas. Segundo Mandetta, era esperado que o estado, com uma metr\u00f3pole como Manaus, fosse afetado. Ele preferiu destacar a situa\u00e7\u00e3o de outro estado da regi\u00e3o.<\/p>\n\n\n\n<p>\u2014 Na regi\u00e3o Norte, a gente j\u00e1 esperava. Agora chama aten\u00e7\u00e3o o Acre, com 23, um estado de baixa popula\u00e7\u00e3o \u2014 disse Mandetta.<\/p>\n\n\n\n<p>No Nordeste, tamb\u00e9m houve a primeira morte, em Pernambuco, mas Mandetta chamou a aten\u00e7\u00e3o para o Cear\u00e1, que \u00e9 o recordista de casos confirmados na regi\u00e3o. Isso pode ter sido fruto do trabalho dos servi\u00e7os de sa\u00fade em detectar casos, ou h\u00e1 algum outro motivo a ser entendido ainda.<\/p>\n\n\n\n<p>\u2014 O Cear\u00e1 tem excelente aten\u00e7\u00e3o de sa\u00fade prim\u00e1ria. Temos que perceber se a vigil\u00e2ncia ao Cear\u00e1 \u00e9 bem sens\u00edvel, ou se \u00e9 realmente diferente dos outros [do Nordeste] \u2014 afirmou o ministro.<\/p>\n","protected":false},"excerpt":{"rendered":"<p>O Minist\u00e9rio da Sa\u00fade anunciou que vai liberar a partir de sexta-feira 3,4 milh\u00f5es de unidades do medicamento cloroquina para que os m\u00e9dicos possam avaliar&hellip; <\/p>\n","protected":false},"author":2,"featured_media":160277,"comment_status":"closed","ping_status":"closed","sticky":false,"template":"","format":"standard","meta":{"sfsi_plus_gutenberg_text_before_share":"","sfsi_plus_gutenberg_show_text_before_share":"","sfsi_plus_gutenberg_icon_type":"","sfsi_plus_gutenberg_icon_alignemt":"","sfsi_plus_gutenburg_max_per_row":"","footnotes":""},"categories":[16],"tags":[],"class_list":["post-160276","post","type-post","status-publish","format-standard","has-post-thumbnail","hentry","category-saude"],"_links":{"self":[{"href":"https:\/\/www.caririemacao.com\/1\/wp-json\/wp\/v2\/posts\/160276","targetHints":{"allow":["GET"]}}],"collection":[{"href":"https:\/\/www.caririemacao.com\/1\/wp-json\/wp\/v2\/posts"}],"about":[{"href":"https:\/\/www.caririemacao.com\/1\/wp-json\/wp\/v2\/types\/post"}],"author":[{"embeddable":true,"href":"https:\/\/www.caririemacao.com\/1\/wp-json\/wp\/v2\/users\/2"}],"replies":[{"embeddable":true,"href":"https:\/\/www.caririemacao.com\/1\/wp-json\/wp\/v2\/comments?post=160276"}],"version-history":[{"count":1,"href":"https:\/\/www.caririemacao.com\/1\/wp-json\/wp\/v2\/posts\/160276\/revisions"}],"predecessor-version":[{"id":160278,"href":"https:\/\/www.caririemacao.com\/1\/wp-json\/wp\/v2\/posts\/160276\/revisions\/160278"}],"wp:featuredmedia":[{"embeddable":true,"href":"https:\/\/www.caririemacao.com\/1\/wp-json\/wp\/v2\/media\/160277"}],"wp:attachment":[{"href":"https:\/\/www.caririemacao.com\/1\/wp-json\/wp\/v2\/media?parent=160276"}],"wp:term":[{"taxonomy":"category","embeddable":true,"href":"https:\/\/www.caririemacao.com\/1\/wp-json\/wp\/v2\/categories?post=160276"},{"taxonomy":"post_tag","embeddable":true,"href":"https:\/\/www.caririemacao.com\/1\/wp-json\/wp\/v2\/tags?post=160276"}],"curies":[{"name":"wp","href":"https:\/\/api.w.org\/{rel}","templated":true}]}}