{"id":160284,"date":"2020-03-26T06:48:41","date_gmt":"2020-03-26T09:48:41","guid":{"rendered":"http:\/\/www.caririemacao.com\/1\/?p=160284"},"modified":"2020-03-26T06:48:43","modified_gmt":"2020-03-26T09:48:43","slug":"ceu-azul-maos-limpas-familias-conectadas-conheca-pontos-positivos-causados-pela-pandemia","status":"publish","type":"post","link":"https:\/\/www.caririemacao.com\/1\/2020\/03\/26\/ceu-azul-maos-limpas-familias-conectadas-conheca-pontos-positivos-causados-pela-pandemia\/","title":{"rendered":"C\u00e9u azul, m\u00e3os limpas, fam\u00edlias conectadas: conhe\u00e7a pontos positivos causados pela pandemia"},"content":{"rendered":"\n<p>Um planeta cada vez mais confinado, que conta o n\u00famero de mortos e assiste em p\u00e2nico o derretimento da economia. A pandemia de COVID-19 trouxe muitas not\u00edcias ruins, mas observando com cuidado tamb\u00e9m \u00e9 poss\u00edvel encontrar pontos positivos.<\/p>\n\n\n\n<p>Porque entre melhorar a higiene, reduzir a contamina\u00e7\u00e3o e fortalecer os la\u00e7os sociais, alguns raios de luz rompem a escurid\u00e3o.<\/p>\n\n\n\n<p><strong>Higiene<\/strong><br><\/p>\n\n\n\n<p>Desde o in\u00edcio da epidemia, os profissionais da \u00e1rea da sa\u00fade repetem a mesma mensagem: lave as m\u00e3os.<\/p>\n\n\n\n<p>A mensagem foi replicada por pol\u00edticos, famosos e redes sociais.<\/p>\n\n\n\n<p>O objetivo \u00e9 ensinar a t\u00e9cnica correta para limpar cada parte das m\u00e3os com \u00e1gua e sab\u00e3o. E o \u00e1lcool gel sumiu das prateleiras de farm\u00e1cias e mercados.<\/p>\n\n\n\n<figure class=\"wp-block-image\"><img decoding=\"async\" data-src=\"https:\/\/www.clickpb.com.br\/media\/filer_public\/78\/9d\/789d6077-2407-4b08-9632-37b8e2e81a9a\/21af8e4730dd4e14142c6fc7f3cea199_xl.jpg\" alt=\"\" src=\"data:image\/svg+xml;base64,PHN2ZyB3aWR0aD0iMSIgaGVpZ2h0PSIxIiB4bWxucz0iaHR0cDovL3d3dy53My5vcmcvMjAwMC9zdmciPjwvc3ZnPg==\" class=\"lazyload\" \/><\/figure>\n\n\n\n<p>O senso de higiene parece estar dando resultado em alguns pa\u00edses como o Jap\u00e3o, onde o n\u00famero de casos de gripe registrou forte queda. A temporada ainda n\u00e3o chegou ao fim, mas at\u00e9 o in\u00edcio de mar\u00e7o o pa\u00eds registrava 7,21 milh\u00f5es de casos, muito menos que em anos anteriores (em 2017-2018 o recorde foi batido, com 21,04 milh\u00f5es).<\/p>\n\n\n\n<p>&#8220;Acreditamos que uma das raz\u00f5es \u00e9 que as pessoas est\u00e3o mais atentas a lavar bem as m\u00e3os, devido \u00e0 propaga\u00e7\u00e3o do novo coronav\u00edrus&#8221;, explicou \u00e0 AFP Daisha Inoue, do minist\u00e9rio da Sa\u00fade do Jap\u00e3o.<\/p>\n\n\n\n<p><strong>Queda nas emiss\u00f5es de CO2&nbsp;<\/strong><br><\/p>\n\n\n\n<p>Do ponto de vista econ\u00f4mico, a queda da demanda, as proibi\u00e7\u00f5es de viagens e o fechamento das f\u00e1bricas \u00e9 um pesadelo. Mas para o meio ambiente \u00e9 uma b\u00ean\u00e7\u00e3o.<\/p>\n\n\n\n<p>Somente em fevereiro, as emiss\u00f5es de C02 ca\u00edram 25%, ou seja 200 milh\u00f5es de toneladas, na compara\u00e7\u00e3o com o mesmo per\u00edodo em 2019, de acordo com o Centro de Pesquisas sobre Energia e Ar Limpo (CREA). A queda equivale \u00e0s emiss\u00f5es anuais de CO2 da Argentina, Egito ou Vietn\u00e3.<\/p>\n\n\n\n<p>A desacelera\u00e7\u00e3o chinesa tamb\u00e9m provocou a queda de 36% do consumo de carv\u00e3o nas centrais el\u00e9tricas da China, com uma redu\u00e7\u00e3o quase equivalente ao consumo de petr\u00f3leo nas refinarias.<\/p>\n\n\n\n<p>No setor de transporte a\u00e9reo, a paralisa\u00e7\u00e3o quase total do setor provoca a redu\u00e7\u00e3o de suas significativas emiss\u00f5es de CO2.<\/p>\n\n\n\n<p>H\u00e1 mais efeitos positivos: em Veneza, a \u00e1gua voltou a ser clara com o fim das incessantes viagens de barcos lotados de turistas.<\/p>\n\n\n\n<p><strong>Salvem o pangolim&nbsp;<\/strong><br><\/p>\n\n\n\n<p>Os cientistas n\u00e3o sabem com certeza qual \u00e9 a origem da COVID-19, mas as primeiras pistas se concentraram em um mercado de Wuhan (centro da China) onde eram vendidos animais selvagens para o consumo. Alguns citam como poss\u00edvel vetor do v\u00edrus os morcegos ou os pangolins, uma esp\u00e9cie em perigo de extin\u00e7\u00e3o.<\/p>\n\n\n\n<figure class=\"wp-block-image\"><img decoding=\"async\" data-src=\"https:\/\/www.clickpb.com.br\/media\/filer_public\/0f\/bf\/0fbf03ad-d358-4757-a7c6-0c48b13fef63\/naom_5e3d58ec086b3.jpg\" alt=\"\" src=\"data:image\/svg+xml;base64,PHN2ZyB3aWR0aD0iMSIgaGVpZ2h0PSIxIiB4bWxucz0iaHR0cDovL3d3dy53My5vcmcvMjAwMC9zdmciPjwvc3ZnPg==\" class=\"lazyload\" \/><\/figure>\n\n\n\n<p>Por este motivo, a China proibiu em fevereiro de maneira imediata a venda e o consumo de animais selvagens, uma decis\u00e3o recebida de maneira favor\u00e1vel pelas organiza\u00e7\u00f5es ecologistas.<\/p>\n\n\n\n<p>No in\u00edcio da d\u00e9cada de 2000, a medida foi adotada durante a epidemia de S\u00edndrome Respirat\u00f3ria Aguda Grave (Sars), mas n\u00e3o seguiu adiante. Desta vez, a proibi\u00e7\u00e3o \u00e9 permanente.<\/p>\n\n\n\n<p>&#8220;Acredito que o governo percebeu que o pre\u00e7o pago pela sociedade e a economia \u00e9 muito maior do que este com\u00e9rcio pode proporcionar&#8221;, disse Jeff He, diretor para a China do Fundo Internacional para a Prote\u00e7\u00e3o dos Animais (Ifaw).<\/p>\n\n\n\n<p>O poss\u00edvel v\u00ednculo entre o v\u00edrus e o pangolim tamb\u00e9m parece ter acalmado os amantes da carne selvagem em outras partes do mundo. No Gab\u00e3o, a venda de carne de ca\u00e7a registrou queda.<\/p>\n\n\n\n<p><strong>Afastados mas juntos&nbsp;<\/strong><br><\/p>\n\n\n\n<p>A dist\u00e2ncia f\u00edsica entre parentes e amigos \u00e9 uma das consequ\u00eancias dos confinamentos.<\/p>\n\n\n\n<p>Mas para alguns, as medidas refor\u00e7am o sentimento de pertencimento e estas pessoas se esfor\u00e7am para manter o contato com parentes e amigos.<\/p>\n\n\n\n<p>Na Col\u00f4mbia, Andrea Uribe, 43 anos, organizou, por exemplo, aulas de gin\u00e1stica e concursos de talento familiares com o aux\u00edlio de aplicativos de mensagens por v\u00eddeo.<\/p>\n","protected":false},"excerpt":{"rendered":"<p>Um planeta cada vez mais confinado, que conta o n\u00famero de mortos e assiste em p\u00e2nico o derretimento da economia. A pandemia de COVID-19 trouxe&hellip; <\/p>\n","protected":false},"author":2,"featured_media":160285,"comment_status":"closed","ping_status":"closed","sticky":false,"template":"","format":"standard","meta":{"sfsi_plus_gutenberg_text_before_share":"","sfsi_plus_gutenberg_show_text_before_share":"","sfsi_plus_gutenberg_icon_type":"","sfsi_plus_gutenberg_icon_alignemt":"","sfsi_plus_gutenburg_max_per_row":"","footnotes":""},"categories":[2],"tags":[],"class_list":["post-160284","post","type-post","status-publish","format-standard","has-post-thumbnail","hentry","category-geral"],"_links":{"self":[{"href":"https:\/\/www.caririemacao.com\/1\/wp-json\/wp\/v2\/posts\/160284","targetHints":{"allow":["GET"]}}],"collection":[{"href":"https:\/\/www.caririemacao.com\/1\/wp-json\/wp\/v2\/posts"}],"about":[{"href":"https:\/\/www.caririemacao.com\/1\/wp-json\/wp\/v2\/types\/post"}],"author":[{"embeddable":true,"href":"https:\/\/www.caririemacao.com\/1\/wp-json\/wp\/v2\/users\/2"}],"replies":[{"embeddable":true,"href":"https:\/\/www.caririemacao.com\/1\/wp-json\/wp\/v2\/comments?post=160284"}],"version-history":[{"count":1,"href":"https:\/\/www.caririemacao.com\/1\/wp-json\/wp\/v2\/posts\/160284\/revisions"}],"predecessor-version":[{"id":160286,"href":"https:\/\/www.caririemacao.com\/1\/wp-json\/wp\/v2\/posts\/160284\/revisions\/160286"}],"wp:featuredmedia":[{"embeddable":true,"href":"https:\/\/www.caririemacao.com\/1\/wp-json\/wp\/v2\/media\/160285"}],"wp:attachment":[{"href":"https:\/\/www.caririemacao.com\/1\/wp-json\/wp\/v2\/media?parent=160284"}],"wp:term":[{"taxonomy":"category","embeddable":true,"href":"https:\/\/www.caririemacao.com\/1\/wp-json\/wp\/v2\/categories?post=160284"},{"taxonomy":"post_tag","embeddable":true,"href":"https:\/\/www.caririemacao.com\/1\/wp-json\/wp\/v2\/tags?post=160284"}],"curies":[{"name":"wp","href":"https:\/\/api.w.org\/{rel}","templated":true}]}}