{"id":160289,"date":"2020-03-26T06:50:28","date_gmt":"2020-03-26T09:50:28","guid":{"rendered":"http:\/\/www.caririemacao.com\/1\/?p=160289"},"modified":"2020-03-26T06:50:30","modified_gmt":"2020-03-26T09:50:30","slug":"ministerio-da-saude-destina-r-11-mi-a-paraiba","status":"publish","type":"post","link":"https:\/\/www.caririemacao.com\/1\/2020\/03\/26\/ministerio-da-saude-destina-r-11-mi-a-paraiba\/","title":{"rendered":"Minist\u00e9rio da Sa\u00fade destina R$ 11 mi \u00e0 Para\u00edba"},"content":{"rendered":"\n<p>O ministro da Sa\u00fade, Luiz Henrique Mandetta, durante entrevista coletiva para atualizar o boletim sobre o novo coronav\u00edrus da China. Foto: Marcelo Camargo\/Ag\u00eancia Brasil<\/p>\n\n\n\n<p>O Minist\u00e9rio da Sa\u00fade autorizou nesta quarta-feira (25) R$ 11\u00a0milh\u00f5es\u00a0para\u00a0munic\u00edpios\u00a0paraibanos no combate ao novo coronav\u00edrus.\u00a0<\/p>\n\n\n\n<p>De acordo com o minist\u00e9rio, o secret\u00e1rio de Sa\u00fade do Estado, Geraldo Medeiros, deve se reunir com secret\u00e1rios municipais para definir o valor que cada cidade receber\u00e1 at\u00e9 esta quinta-feira (26).<\/p>\n\n\n\n<p>Na semana passada, o Minist\u00e9rio da Sa\u00fade havia liberado R$ 8 milh\u00f5es para o estado da Para\u00edba.<\/p>\n\n\n\n<p><strong>MaisPB<\/strong><\/p>\n","protected":false},"excerpt":{"rendered":"<p>O ministro da Sa\u00fade, Luiz Henrique Mandetta, durante entrevista coletiva para atualizar o boletim sobre o novo coronav\u00edrus da China. Foto: Marcelo Camargo\/Ag\u00eancia Brasil O&hellip; <\/p>\n","protected":false},"author":2,"featured_media":83700,"comment_status":"closed","ping_status":"closed","sticky":false,"template":"","format":"standard","meta":{"sfsi_plus_gutenberg_text_before_share":"","sfsi_plus_gutenberg_show_text_before_share":"","sfsi_plus_gutenberg_icon_type":"","sfsi_plus_gutenberg_icon_alignemt":"","sfsi_plus_gutenburg_max_per_row":"","footnotes":""},"categories":[11],"tags":[],"class_list":["post-160289","post","type-post","status-publish","format-standard","has-post-thumbnail","hentry","category-politica"],"_links":{"self":[{"href":"https:\/\/www.caririemacao.com\/1\/wp-json\/wp\/v2\/posts\/160289","targetHints":{"allow":["GET"]}}],"collection":[{"href":"https:\/\/www.caririemacao.com\/1\/wp-json\/wp\/v2\/posts"}],"about":[{"href":"https:\/\/www.caririemacao.com\/1\/wp-json\/wp\/v2\/types\/post"}],"author":[{"embeddable":true,"href":"https:\/\/www.caririemacao.com\/1\/wp-json\/wp\/v2\/users\/2"}],"replies":[{"embeddable":true,"href":"https:\/\/www.caririemacao.com\/1\/wp-json\/wp\/v2\/comments?post=160289"}],"version-history":[{"count":1,"href":"https:\/\/www.caririemacao.com\/1\/wp-json\/wp\/v2\/posts\/160289\/revisions"}],"predecessor-version":[{"id":160290,"href":"https:\/\/www.caririemacao.com\/1\/wp-json\/wp\/v2\/posts\/160289\/revisions\/160290"}],"wp:featuredmedia":[{"embeddable":true,"href":"https:\/\/www.caririemacao.com\/1\/wp-json\/wp\/v2\/media\/83700"}],"wp:attachment":[{"href":"https:\/\/www.caririemacao.com\/1\/wp-json\/wp\/v2\/media?parent=160289"}],"wp:term":[{"taxonomy":"category","embeddable":true,"href":"https:\/\/www.caririemacao.com\/1\/wp-json\/wp\/v2\/categories?post=160289"},{"taxonomy":"post_tag","embeddable":true,"href":"https:\/\/www.caririemacao.com\/1\/wp-json\/wp\/v2\/tags?post=160289"}],"curies":[{"name":"wp","href":"https:\/\/api.w.org\/{rel}","templated":true}]}}