{"id":160293,"date":"2020-03-26T06:52:44","date_gmt":"2020-03-26T09:52:44","guid":{"rendered":"http:\/\/www.caririemacao.com\/1\/?p=160293"},"modified":"2020-03-26T06:52:46","modified_gmt":"2020-03-26T09:52:46","slug":"prf-recupera-cinco-veiculos-roubados-na-pb","status":"publish","type":"post","link":"https:\/\/www.caririemacao.com\/1\/2020\/03\/26\/prf-recupera-cinco-veiculos-roubados-na-pb\/","title":{"rendered":"PRF recupera cinco ve\u00edculos roubados na PB"},"content":{"rendered":"\n<p>A Pol\u00edcia Rodovi\u00e1ria Federal (PRF) recuperou em menos de 24 horas quatro ve\u00edculos com ocorr\u00eancias de roubado ou furto que estavam circulando nas rodovias federais da Para\u00edba. Os ve\u00edculos foram abordados em fiscaliza\u00e7\u00f5es distintas realizadas ao longo do Estado.<\/p>\n\n\n\n<p>Em Campina Grande foi recuperada uma picape Fiat Strada na manh\u00e3 de ontem (ter\u00e7a-feira). A ocorr\u00eancia foi na BR 230, km 143, na Unidade Operacional de Santa Terezinha. Ao realizar a fiscaliza\u00e7\u00e3o minuciosa do ve\u00edculo foi constatado que o carro era clonado e que a documenta\u00e7\u00e3o do ve\u00edculo possu\u00eda ind\u00edcios de falsifica\u00e7\u00e3o. Uma pessoa foi detida e encaminhada \u00e0 Pol\u00edcia Federal de Campina Grande.<\/p>\n\n\n\n<p>Tamb\u00e9m em Campina Grande na noite de ontem foi recuperado um Fiat Palio roubado que estava clonado. Segundo o condutor, ele teria comprado o ve\u00edculo atrav\u00e9s de aplicativos de compra e venda.<\/p>\n\n\n\n<p>J\u00e1 em Santa Rita, regi\u00e3o metropolitana de Jo\u00e3o Pessoa, foi recuperado no in\u00edcio da noite de ontem, o ve\u00edculo Fiat P\u00e1lio. O ve\u00edculo tamb\u00e9m era clonado e estaria sendo utilizado para pr\u00e1ticas criminosas na regi\u00e3o. No interior do ve\u00edculo foi localizado uma arma de fogo. Tr\u00eas pessoas foram detidas e encaminhadas \u00e0 Central de Pol\u00edcia.<\/p>\n\n\n\n<p>Em Mamanguape, j\u00e1 na madrugada de hoje (quarta-feira), foi recuperada uma caminhonte Hillux roubada no Rio Grande do Norte no \u00faltimo dia 19. O ve\u00edculo possu\u00eda ocorr\u00eancia de roubo. O condutor da caminhonete e o ve\u00edculo roubado foram encaminhados para a Pol\u00edcia Civil.<\/p>\n","protected":false},"excerpt":{"rendered":"<p>A Pol\u00edcia Rodovi\u00e1ria Federal (PRF) recuperou em menos de 24 horas quatro ve\u00edculos com ocorr\u00eancias de roubado ou furto que estavam circulando nas rodovias federais&hellip; <\/p>\n","protected":false},"author":2,"featured_media":160294,"comment_status":"closed","ping_status":"closed","sticky":false,"template":"","format":"standard","meta":{"sfsi_plus_gutenberg_text_before_share":"","sfsi_plus_gutenberg_show_text_before_share":"","sfsi_plus_gutenberg_icon_type":"","sfsi_plus_gutenberg_icon_alignemt":"","sfsi_plus_gutenburg_max_per_row":"","footnotes":""},"categories":[12],"tags":[],"class_list":["post-160293","post","type-post","status-publish","format-standard","has-post-thumbnail","hentry","category-policia"],"_links":{"self":[{"href":"https:\/\/www.caririemacao.com\/1\/wp-json\/wp\/v2\/posts\/160293","targetHints":{"allow":["GET"]}}],"collection":[{"href":"https:\/\/www.caririemacao.com\/1\/wp-json\/wp\/v2\/posts"}],"about":[{"href":"https:\/\/www.caririemacao.com\/1\/wp-json\/wp\/v2\/types\/post"}],"author":[{"embeddable":true,"href":"https:\/\/www.caririemacao.com\/1\/wp-json\/wp\/v2\/users\/2"}],"replies":[{"embeddable":true,"href":"https:\/\/www.caririemacao.com\/1\/wp-json\/wp\/v2\/comments?post=160293"}],"version-history":[{"count":1,"href":"https:\/\/www.caririemacao.com\/1\/wp-json\/wp\/v2\/posts\/160293\/revisions"}],"predecessor-version":[{"id":160295,"href":"https:\/\/www.caririemacao.com\/1\/wp-json\/wp\/v2\/posts\/160293\/revisions\/160295"}],"wp:featuredmedia":[{"embeddable":true,"href":"https:\/\/www.caririemacao.com\/1\/wp-json\/wp\/v2\/media\/160294"}],"wp:attachment":[{"href":"https:\/\/www.caririemacao.com\/1\/wp-json\/wp\/v2\/media?parent=160293"}],"wp:term":[{"taxonomy":"category","embeddable":true,"href":"https:\/\/www.caririemacao.com\/1\/wp-json\/wp\/v2\/categories?post=160293"},{"taxonomy":"post_tag","embeddable":true,"href":"https:\/\/www.caririemacao.com\/1\/wp-json\/wp\/v2\/tags?post=160293"}],"curies":[{"name":"wp","href":"https:\/\/api.w.org\/{rel}","templated":true}]}}