{"id":160298,"date":"2020-03-26T06:54:30","date_gmt":"2020-03-26T09:54:30","guid":{"rendered":"http:\/\/www.caririemacao.com\/1\/?p=160298"},"modified":"2020-03-26T06:54:32","modified_gmt":"2020-03-26T09:54:32","slug":"governadores-do-ne-cobram-acoes-de-bolsonaro","status":"publish","type":"post","link":"https:\/\/www.caririemacao.com\/1\/2020\/03\/26\/governadores-do-ne-cobram-acoes-de-bolsonaro\/","title":{"rendered":"Governadores do NE cobram a\u00e7\u00f5es de Bolsonaro"},"content":{"rendered":"\n<p>Os governadores do Nordeste assinaram uma carta conjunta nesta quarta-feira (25), ap\u00f3s uma reuni\u00e3o via videoconfer\u00eancia, em que cobram do presidente Jair Bolsonaro (sem partido) \u201cresponsabilidade e serenidade para encontrar solu\u00e7\u00f5es equilibradas\u201d no combate ao novo coronav\u00edrus.<\/p>\n\n\n\n<p>Os gestores admitiram frustra\u00e7\u00e3o com o posicionamento \u201cagressivo\u201d de Bolsonaro, que deveria, segundo eles, \u201cexercer o seu papel de lideran\u00e7a e coaliz\u00e3o em nome do Brasil\u201d.<\/p>\n\n\n\n<p>Os governadores ainda cobram a necessidade urgente de uma coordena\u00e7\u00e3o e coopera\u00e7\u00e3o nacional para proteger empregos e a sobreviv\u00eancia dos mais pobres.<\/p>\n\n\n\n<p>\u201cEntendemos que cabe ao Governo Federal a\u00e7\u00e3o urgente voltada aos trabalhadores informais e aut\u00f4nomos. Agress\u00f5es e brigas n\u00e3o salvar\u00e3o o Pa\u00eds. O Brasil precisa de responsabilidade e serenidade para encontrar solu\u00e7\u00f5es equilibradas\u201d, disseram.<\/p>\n","protected":false},"excerpt":{"rendered":"<p>Os governadores do Nordeste assinaram uma carta conjunta nesta quarta-feira (25), ap\u00f3s uma reuni\u00e3o via videoconfer\u00eancia, em que cobram do presidente Jair Bolsonaro (sem partido)&hellip; <\/p>\n","protected":false},"author":2,"featured_media":160299,"comment_status":"closed","ping_status":"closed","sticky":false,"template":"","format":"standard","meta":{"sfsi_plus_gutenberg_text_before_share":"","sfsi_plus_gutenberg_show_text_before_share":"","sfsi_plus_gutenberg_icon_type":"","sfsi_plus_gutenberg_icon_alignemt":"","sfsi_plus_gutenburg_max_per_row":"","footnotes":""},"categories":[11],"tags":[],"class_list":["post-160298","post","type-post","status-publish","format-standard","has-post-thumbnail","hentry","category-politica"],"_links":{"self":[{"href":"https:\/\/www.caririemacao.com\/1\/wp-json\/wp\/v2\/posts\/160298","targetHints":{"allow":["GET"]}}],"collection":[{"href":"https:\/\/www.caririemacao.com\/1\/wp-json\/wp\/v2\/posts"}],"about":[{"href":"https:\/\/www.caririemacao.com\/1\/wp-json\/wp\/v2\/types\/post"}],"author":[{"embeddable":true,"href":"https:\/\/www.caririemacao.com\/1\/wp-json\/wp\/v2\/users\/2"}],"replies":[{"embeddable":true,"href":"https:\/\/www.caririemacao.com\/1\/wp-json\/wp\/v2\/comments?post=160298"}],"version-history":[{"count":1,"href":"https:\/\/www.caririemacao.com\/1\/wp-json\/wp\/v2\/posts\/160298\/revisions"}],"predecessor-version":[{"id":160300,"href":"https:\/\/www.caririemacao.com\/1\/wp-json\/wp\/v2\/posts\/160298\/revisions\/160300"}],"wp:featuredmedia":[{"embeddable":true,"href":"https:\/\/www.caririemacao.com\/1\/wp-json\/wp\/v2\/media\/160299"}],"wp:attachment":[{"href":"https:\/\/www.caririemacao.com\/1\/wp-json\/wp\/v2\/media?parent=160298"}],"wp:term":[{"taxonomy":"category","embeddable":true,"href":"https:\/\/www.caririemacao.com\/1\/wp-json\/wp\/v2\/categories?post=160298"},{"taxonomy":"post_tag","embeddable":true,"href":"https:\/\/www.caririemacao.com\/1\/wp-json\/wp\/v2\/tags?post=160298"}],"curies":[{"name":"wp","href":"https:\/\/api.w.org\/{rel}","templated":true}]}}