{"id":160303,"date":"2020-03-26T06:58:58","date_gmt":"2020-03-26T09:58:58","guid":{"rendered":"http:\/\/www.caririemacao.com\/1\/?p=160303"},"modified":"2020-03-26T06:59:00","modified_gmt":"2020-03-26T09:59:00","slug":"pe-registra-a-primeira-morte-por-coronavirus","status":"publish","type":"post","link":"https:\/\/www.caririemacao.com\/1\/2020\/03\/26\/pe-registra-a-primeira-morte-por-coronavirus\/","title":{"rendered":"PE registra a primeira morte por Coronav\u00edrus"},"content":{"rendered":"\n<p>Um idoso de 85 anos \u00e9 a primeira v\u00edtima fatal do coronav\u00edrus em Pernambuco. Tamb\u00e9m \u00e9 a primeira morte na regi\u00e3o Nordeste. A informa\u00e7\u00e3o foi divulgada nesta quarta-feira (25) pela Secretaria Estadual de Sa\u00fade de Pernambuco (SES-PE).<\/p>\n\n\n\n<p>O paciente estava internado no Hospital Universit\u00e1rio Oswaldo Cruz (Huoc) e \u00e9 residente do Recife. Ele tinha hist\u00f3rico de diabetes e hipertens\u00e3o, al\u00e9m de cardiopatia isqu\u00eamica.<\/p>\n\n\n\n<p>De acordo com a SES-PE, o idoso apresentou os primeiros sintomas na \u00faltima quarta-feira (18) e foi internado na \u00faltima sexta-feira (20).<\/p>\n\n\n\n<p><strong>MaisPB<\/strong><\/p>\n","protected":false},"excerpt":{"rendered":"<p>Um idoso de 85 anos \u00e9 a primeira v\u00edtima fatal do coronav\u00edrus em Pernambuco. Tamb\u00e9m \u00e9 a primeira morte na regi\u00e3o Nordeste. A informa\u00e7\u00e3o foi&hellip; <\/p>\n","protected":false},"author":2,"featured_media":160118,"comment_status":"closed","ping_status":"closed","sticky":false,"template":"","format":"standard","meta":{"sfsi_plus_gutenberg_text_before_share":"","sfsi_plus_gutenberg_show_text_before_share":"","sfsi_plus_gutenberg_icon_type":"","sfsi_plus_gutenberg_icon_alignemt":"","sfsi_plus_gutenburg_max_per_row":"","footnotes":""},"categories":[2],"tags":[],"class_list":["post-160303","post","type-post","status-publish","format-standard","has-post-thumbnail","hentry","category-geral"],"_links":{"self":[{"href":"https:\/\/www.caririemacao.com\/1\/wp-json\/wp\/v2\/posts\/160303","targetHints":{"allow":["GET"]}}],"collection":[{"href":"https:\/\/www.caririemacao.com\/1\/wp-json\/wp\/v2\/posts"}],"about":[{"href":"https:\/\/www.caririemacao.com\/1\/wp-json\/wp\/v2\/types\/post"}],"author":[{"embeddable":true,"href":"https:\/\/www.caririemacao.com\/1\/wp-json\/wp\/v2\/users\/2"}],"replies":[{"embeddable":true,"href":"https:\/\/www.caririemacao.com\/1\/wp-json\/wp\/v2\/comments?post=160303"}],"version-history":[{"count":1,"href":"https:\/\/www.caririemacao.com\/1\/wp-json\/wp\/v2\/posts\/160303\/revisions"}],"predecessor-version":[{"id":160304,"href":"https:\/\/www.caririemacao.com\/1\/wp-json\/wp\/v2\/posts\/160303\/revisions\/160304"}],"wp:featuredmedia":[{"embeddable":true,"href":"https:\/\/www.caririemacao.com\/1\/wp-json\/wp\/v2\/media\/160118"}],"wp:attachment":[{"href":"https:\/\/www.caririemacao.com\/1\/wp-json\/wp\/v2\/media?parent=160303"}],"wp:term":[{"taxonomy":"category","embeddable":true,"href":"https:\/\/www.caririemacao.com\/1\/wp-json\/wp\/v2\/categories?post=160303"},{"taxonomy":"post_tag","embeddable":true,"href":"https:\/\/www.caririemacao.com\/1\/wp-json\/wp\/v2\/tags?post=160303"}],"curies":[{"name":"wp","href":"https:\/\/api.w.org\/{rel}","templated":true}]}}