{"id":160307,"date":"2020-03-26T07:00:44","date_gmt":"2020-03-26T10:00:44","guid":{"rendered":"http:\/\/www.caririemacao.com\/1\/?p=160307"},"modified":"2020-03-26T07:00:46","modified_gmt":"2020-03-26T10:00:46","slug":"sume-comeca-campanha-de-vacinacao-contra-a-gripe-para-idosos-e-profissionais-da-saude","status":"publish","type":"post","link":"https:\/\/www.caririemacao.com\/1\/2020\/03\/26\/sume-comeca-campanha-de-vacinacao-contra-a-gripe-para-idosos-e-profissionais-da-saude\/","title":{"rendered":"Sum\u00e9 come\u00e7a campanha de vacina\u00e7\u00e3o contra a gripe para idosos e profissionais da Sa\u00fade"},"content":{"rendered":"\n<p>A Secretaria de Sa\u00fade de Sum\u00e9 iniciou a Campanha da Vacina\u00e7\u00e3o contra a gripe (Influenza) no munic\u00edpio. O cronograma da vacina acontece de 23 de mar\u00e7o \u00e0 22 de maio de 2020, em todas as Unidades B\u00e1sicas de Sa\u00fade da Fam\u00edlia.<\/p>\n\n\n\n<p>A vacina\u00e7\u00e3o contra a gripe visa reduzir as complica\u00e7\u00f5es, as interna\u00e7\u00f5es e a mortalidade, no p\u00fablico alvo, decorrentes das infec\u00e7\u00f5es pelo v\u00edrus da Influenza.<\/p>\n\n\n\n<p>As pessoas acima de 60 anos de idade, que residem na zona urbana, ser\u00e3o vacinadas em casa.&nbsp;Na zona rural, a vacina\u00e7\u00e3o ser\u00e1 realizada de 23 de mar\u00e7o a 15 de abril\/2020.<\/p>\n\n\n\n<p><strong>O&nbsp;Dia D<\/strong>&nbsp;da Campanha ocorrer\u00e1 em 09\/05\/2020 (s\u00e1bado). Lembrando que nessa data, todas as salas de vacina funcionar\u00e3o em todos os bairros da cidade.<\/p>\n\n\n\n<p><strong>Aten\u00e7\u00e3o para as datas e os grupos priorit\u00e1rios:<\/strong><\/p>\n\n\n\n<p><strong>1\u00aa fase<\/strong>&nbsp;(23\/03 a 15\/04): trabalhadores de sa\u00fade dos servi\u00e7os p\u00fablicos e privados, idosos com 60 anos ou mais de idade.<\/p>\n\n\n\n<p><strong>2\u00aa fase<\/strong>&nbsp;(16\/04 a 08\/05): professores das escolas p\u00fablicas e privadas e profissionais das for\u00e7as de seguran\u00e7a e salvamento.<\/p>\n\n\n\n<p><strong>3\u00aa fase<\/strong>&nbsp;(09\/05 a 22\/05): crian\u00e7as na faixa et\u00e1ria de 06 meses \u00e0 5 anos 11 meses e 29 dias, gestantes (em qualquer idade gestacional), pu\u00e9rperas (todas as mulheres no per\u00edodo at\u00e9 45 dias ap\u00f3s o parto), pessoas portadoras de doen\u00e7as cr\u00f4nicas n\u00e3o transmiss\u00edveis e outras condi\u00e7\u00f5es cl\u00ednicas especiais independentes da idade, popula\u00e7\u00e3o privada de liberdade, funcion\u00e1rios do sistema prisional e adultos de 55 a 59 anos de idade.<\/p>\n\n\n\n<p>De acordo com o Minist\u00e9rio da Sa\u00fade, as categorias de risco cl\u00ednico com indica\u00e7\u00e3o da vacina influenza s\u00e3o as seguintes: doen\u00e7a respirat\u00f3ria cr\u00f4nica, doen\u00e7a card\u00edaca cr\u00f4nica, doen\u00e7a renal cr\u00f4nica, doen\u00e7a hep\u00e1tica cr\u00f4nica, doen\u00e7a neurol\u00f3gica cr\u00f4nica, diabetes, imunossupress\u00e3o (Imunodefici\u00eancia cong\u00eanita ou adquirida, imunossupress\u00e3o por doen\u00e7as ou medicamentos), obesos (obesidade grau III), transplantados (\u00f3rg\u00e3os s\u00f3lidos, medula \u00f3ssea), portadores de trissomias (s\u00edndrome de down, s\u00edndrome de klinefelter, s\u00edndrome de wakany, dentre outras trissomias).<\/p>\n\n\n\n<p>Ascom PMS<\/p>\n","protected":false},"excerpt":{"rendered":"<p>A Secretaria de Sa\u00fade de Sum\u00e9 iniciou a Campanha da Vacina\u00e7\u00e3o contra a gripe (Influenza) no munic\u00edpio. O cronograma da vacina acontece de 23 de&hellip; <\/p>\n","protected":false},"author":2,"featured_media":160308,"comment_status":"closed","ping_status":"closed","sticky":false,"template":"","format":"standard","meta":{"sfsi_plus_gutenberg_text_before_share":"","sfsi_plus_gutenberg_show_text_before_share":"","sfsi_plus_gutenberg_icon_type":"","sfsi_plus_gutenberg_icon_alignemt":"","sfsi_plus_gutenburg_max_per_row":"","footnotes":""},"categories":[16],"tags":[],"class_list":["post-160307","post","type-post","status-publish","format-standard","has-post-thumbnail","hentry","category-saude"],"_links":{"self":[{"href":"https:\/\/www.caririemacao.com\/1\/wp-json\/wp\/v2\/posts\/160307","targetHints":{"allow":["GET"]}}],"collection":[{"href":"https:\/\/www.caririemacao.com\/1\/wp-json\/wp\/v2\/posts"}],"about":[{"href":"https:\/\/www.caririemacao.com\/1\/wp-json\/wp\/v2\/types\/post"}],"author":[{"embeddable":true,"href":"https:\/\/www.caririemacao.com\/1\/wp-json\/wp\/v2\/users\/2"}],"replies":[{"embeddable":true,"href":"https:\/\/www.caririemacao.com\/1\/wp-json\/wp\/v2\/comments?post=160307"}],"version-history":[{"count":1,"href":"https:\/\/www.caririemacao.com\/1\/wp-json\/wp\/v2\/posts\/160307\/revisions"}],"predecessor-version":[{"id":160309,"href":"https:\/\/www.caririemacao.com\/1\/wp-json\/wp\/v2\/posts\/160307\/revisions\/160309"}],"wp:featuredmedia":[{"embeddable":true,"href":"https:\/\/www.caririemacao.com\/1\/wp-json\/wp\/v2\/media\/160308"}],"wp:attachment":[{"href":"https:\/\/www.caririemacao.com\/1\/wp-json\/wp\/v2\/media?parent=160307"}],"wp:term":[{"taxonomy":"category","embeddable":true,"href":"https:\/\/www.caririemacao.com\/1\/wp-json\/wp\/v2\/categories?post=160307"},{"taxonomy":"post_tag","embeddable":true,"href":"https:\/\/www.caririemacao.com\/1\/wp-json\/wp\/v2\/tags?post=160307"}],"curies":[{"name":"wp","href":"https:\/\/api.w.org\/{rel}","templated":true}]}}