{"id":160312,"date":"2020-03-26T07:03:09","date_gmt":"2020-03-26T10:03:09","guid":{"rendered":"http:\/\/www.caririemacao.com\/1\/?p=160312"},"modified":"2020-03-26T07:04:03","modified_gmt":"2020-03-26T10:04:03","slug":"prefeita-de-monteiro-repudia-pronunciamento-do-presidente-e-segue-com-plano-de-contingencia","status":"publish","type":"post","link":"https:\/\/www.caririemacao.com\/1\/2020\/03\/26\/prefeita-de-monteiro-repudia-pronunciamento-do-presidente-e-segue-com-plano-de-contingencia\/","title":{"rendered":"Prefeita de Monteiro repudia pronunciamento do presidente e segue com plano de conting\u00eancia"},"content":{"rendered":"\n<p>Monteiro, localizado no cariri paraibano h\u00e1 298 km da capital, \u00e9 o maior munic\u00edpios do estado em \u00e1rea territorial e apresenta grande import\u00e2ncia na economia caririzeira, bem como no setor educacional contando com universidade estadual, instituto federal e diversas particulares. <\/p>\n\n\n\n<p>No setor da sa\u00fade tamb\u00e9m apresenta uma representatividade significativa com um Hospital Regional, al\u00e9m de UPA, SAMU e tantas outras unidades de sa\u00fade.Diante desta import\u00e2ncia, a prefeita do munic\u00edpio, Anna Lorena vem adotando medidas para inibir ao m\u00e1ximo a chegada da doen\u00e7a que causa uma pandemia global, o Covid-19.<\/p>\n\n\n\n<p>Dentre estas medidas est\u00e3o a suspens\u00e3o das aulas, com\u00e9rcios n\u00e3o essenciais, entre outros, que vem gerando bons resultados, estando assim fora do foco do alastramento.<\/p>\n\n\n\n<p>Diante destas a\u00e7\u00f5es, a gestora municipal repudiou o pronunciamento feito pelo Presidente da Rep\u00fablica na noite desta ter\u00e7a-feira, 24, onde contrariou tudo o que especialistas e autoridades sanit\u00e1rias do pa\u00eds e do mundo inteiro v\u00eam pregando como forma de evitar que o novo coronav\u00edrus se espalhe. <\/p>\n\n\n\n<p>O presidente Jair Bolsonaro criticou, em rede nacional de televis\u00e3o, o pedido para que todos aqueles que possam fiquem em casa.Anna Lorena disse assertivamente que o plano de conting\u00eancia continuar\u00e1 e que todas as medidas s\u00e3o de extrema import\u00e2ncia para que o munic\u00edpio continue sem o registro da doen\u00e7a, mesmo estando preparado para receber os casos.<\/p>\n\n\n\n<p>\u201cPrecisamos abrir os olhos, precisamos cuidar de n\u00f3s mesmos, de nossa fam\u00edlia e do nosso pr\u00f3ximo. Adotar o isolamento social e evitar aglomera\u00e7\u00f5es ao m\u00e1ximo e continuar com os procedimentos de higieniza\u00e7\u00e3o \u00e9 o que nos livrar\u00e1 deste grande mau que assola grandes pa\u00edses, inclusive os mais elevados economicamente.<\/p>\n\n\n\n<p>Contrariando o pronunciamento do senhor presidente, agrade\u00e7o a cada monteirense que est\u00e1 fazendo um certo sacrifico em ter que se isolar, agrade\u00e7o imensamente, e desde j\u00e1 agrade\u00e7o em nome de cada monteirense, aos profissionais de sa\u00fade que est\u00e3o se empenhando, sacrificando muitas vezes os momentos em fam\u00edlia, para cuidar do nosso munic\u00edpio. E pe\u00e7o, a cada um que nos ajude a manter Monteiro fora desta estat\u00edstica, e juntos faremos de Monteiro uma cidade saud\u00e1vel e consciente\u201d, disse a gestora.<\/p>\n\n\n\n<p>Com rela\u00e7\u00e3o aos meios de comunica\u00e7\u00e3o, Anna Lorena ainda comentou: \u201cNossa Secretaria de Comunica\u00e7\u00e3o tem trabalhado para informar sobre tudo o que est\u00e1 acontecendo no munic\u00edpio para que cada um de voc\u00eas saiba, com toda transpar\u00eancia, a real situa\u00e7\u00e3o. <\/p>\n\n\n\n<p>Pedimos que os monteirenses sempre busquem os meios oficiais de comunica\u00e7\u00e3o como o site da Prefeitura e do Governo do Estado para se informarem. Tamb\u00e9m pedimos aten\u00e7\u00e3o sobre as fake news, que tamb\u00e9m fomos v\u00edtimas. Reitero, chequem as informa\u00e7\u00f5es e sigamos firmes contra o coronav\u00edrus\u201d.<\/p>\n\n\n\n<p><strong>Medidas adotadas:<\/strong><\/p>\n\n\n\n<p>*Recolhimento obrigat\u00f3rio de 14 (quatorze) dias de quarentena aos monteirenses ou visitantes que ingressarem no munic\u00edpio, oriundos de outros estados e munic\u00edpios, para perman\u00eancia.*Suspens\u00e3o da feira livre a partir desta semana e por tempo indeterminado, assim como o funcionamento das casas de festas, eventos e parque de divers\u00f5es; reuni\u00e3o de associa\u00e7\u00f5es, cooperativas e outras atividades similares; o funcionamento das atividades comerciais no interior do Mercado P\u00fablico Municipal, com exce\u00e7\u00e3o da comercializa\u00e7\u00e3o de g\u00eaneros aliment\u00edcios; a realiza\u00e7\u00e3o das Feiras de Gado e de Trocas; O com\u00e9rcio ambulante das pessoas n\u00e3o residentes no munic\u00edpio de Monteiro;*Redu\u00e7\u00e3o do n\u00famero de entradas no pr\u00e9dio do A\u00e7ougue P\u00fablico, bem como nas Unidades de Sa\u00fade e reparti\u00e7\u00f5es municipais.*Recolhimento \u00e0s 21h de toda a popula\u00e7\u00e3o, entre outras medidas amplamente divulgadas em redes sociais, sites oficiais e da imprensa regional, carro de som, r\u00e1dios, com apoio da Pol\u00edcia Militar.<\/p>\n\n\n\n<p><strong>Utilidade P\u00fablica<\/strong><\/p>\n\n\n\n<p>Para a popula\u00e7\u00e3o que tenha qualquer d\u00favida a cerca dos sintomas do Covid-19, est\u00e3o dispon\u00edveis os n\u00fameros: 136 (Disque Sa\u00fade) e 83.99146-9790 (Plant\u00e3o tira-d\u00favidas 24h) e Vigil\u00e2ncia em Sa\u00fade 996148796 \u2013 998013833.<\/p>\n","protected":false},"excerpt":{"rendered":"<p>Monteiro, localizado no cariri paraibano h\u00e1 298 km da capital, \u00e9 o maior munic\u00edpios do estado em \u00e1rea territorial e apresenta grande import\u00e2ncia na economia&hellip; <\/p>\n","protected":false},"author":2,"featured_media":91528,"comment_status":"closed","ping_status":"closed","sticky":false,"template":"","format":"standard","meta":{"sfsi_plus_gutenberg_text_before_share":"","sfsi_plus_gutenberg_show_text_before_share":"","sfsi_plus_gutenberg_icon_type":"","sfsi_plus_gutenberg_icon_alignemt":"","sfsi_plus_gutenburg_max_per_row":"","footnotes":""},"categories":[6],"tags":[],"class_list":["post-160312","post","type-post","status-publish","format-standard","has-post-thumbnail","hentry","category-cidades"],"_links":{"self":[{"href":"https:\/\/www.caririemacao.com\/1\/wp-json\/wp\/v2\/posts\/160312","targetHints":{"allow":["GET"]}}],"collection":[{"href":"https:\/\/www.caririemacao.com\/1\/wp-json\/wp\/v2\/posts"}],"about":[{"href":"https:\/\/www.caririemacao.com\/1\/wp-json\/wp\/v2\/types\/post"}],"author":[{"embeddable":true,"href":"https:\/\/www.caririemacao.com\/1\/wp-json\/wp\/v2\/users\/2"}],"replies":[{"embeddable":true,"href":"https:\/\/www.caririemacao.com\/1\/wp-json\/wp\/v2\/comments?post=160312"}],"version-history":[{"count":1,"href":"https:\/\/www.caririemacao.com\/1\/wp-json\/wp\/v2\/posts\/160312\/revisions"}],"predecessor-version":[{"id":160313,"href":"https:\/\/www.caririemacao.com\/1\/wp-json\/wp\/v2\/posts\/160312\/revisions\/160313"}],"wp:featuredmedia":[{"embeddable":true,"href":"https:\/\/www.caririemacao.com\/1\/wp-json\/wp\/v2\/media\/91528"}],"wp:attachment":[{"href":"https:\/\/www.caririemacao.com\/1\/wp-json\/wp\/v2\/media?parent=160312"}],"wp:term":[{"taxonomy":"category","embeddable":true,"href":"https:\/\/www.caririemacao.com\/1\/wp-json\/wp\/v2\/categories?post=160312"},{"taxonomy":"post_tag","embeddable":true,"href":"https:\/\/www.caririemacao.com\/1\/wp-json\/wp\/v2\/tags?post=160312"}],"curies":[{"name":"wp","href":"https:\/\/api.w.org\/{rel}","templated":true}]}}