{"id":160317,"date":"2020-03-26T07:06:32","date_gmt":"2020-03-26T10:06:32","guid":{"rendered":"http:\/\/www.caririemacao.com\/1\/?p=160317"},"modified":"2020-03-26T07:06:34","modified_gmt":"2020-03-26T10:06:34","slug":"brasil-tem-57-mortes-e-2433-casos-confirmados-de-covid-19-diz-ministerio-da-saude","status":"publish","type":"post","link":"https:\/\/www.caririemacao.com\/1\/2020\/03\/26\/brasil-tem-57-mortes-e-2433-casos-confirmados-de-covid-19-diz-ministerio-da-saude\/","title":{"rendered":"Brasil tem 57 mortes e 2433 casos confirmados de Covid-19, diz Minist\u00e9rio da Sa\u00fade"},"content":{"rendered":"\n<p>O Minist\u00e9rio da Sa\u00fade divulgou na tarde desta quarta-feira (25) seu mais recente balan\u00e7o dos casos de coronav\u00edrus Sars-Cov-2, v\u00edrus respons\u00e1vel pela doen\u00e7a Covid-19. Os principais dados s\u00e3o:<\/p>\n\n\n\n<ul class=\"wp-block-list\"><li>57 mortes<\/li><li>2.433 casos confirmados<\/li><li>2,4% \u00e9 a taxa de letalidade<\/li><\/ul>\n\n\n\n<p>Na ter\u00e7a-feira (25), o balan\u00e7o apontou 46 mortes e 2.201 casos confirmados. O ministro Luiz Henrique Mandetta avalia que o aumento dos casos est\u00e1 ocorrendo de forma \u201caproximadamente igual nos \u00faltimos dias\u201d.<\/p>\n\n\n\n<p>Mandetta analisou como os casos est\u00e3o espalhados pelo Brasil. Ele afirmou que \u201cchama a aten\u00e7\u00e3o\u201d o Acre, que tem 23 casos e uma popula\u00e7\u00e3o pequena.<\/p>\n\n\n\n<p>Ele tamb\u00e9m projetou que a taxa de letalidade vai diminuir no Brasil, j\u00e1 que ser\u00e1 ampliada nas pr\u00f3ximas semanas a aplica\u00e7\u00e3o dos testes.<\/p>\n\n\n\n<p>Com G1<\/p>\n","protected":false},"excerpt":{"rendered":"<p>O Minist\u00e9rio da Sa\u00fade divulgou na tarde desta quarta-feira (25) seu mais recente balan\u00e7o dos casos de coronav\u00edrus Sars-Cov-2, v\u00edrus respons\u00e1vel pela doen\u00e7a Covid-19. Os&hellip; <\/p>\n","protected":false},"author":2,"featured_media":160318,"comment_status":"closed","ping_status":"closed","sticky":false,"template":"","format":"standard","meta":{"sfsi_plus_gutenberg_text_before_share":"","sfsi_plus_gutenberg_show_text_before_share":"","sfsi_plus_gutenberg_icon_type":"","sfsi_plus_gutenberg_icon_alignemt":"","sfsi_plus_gutenburg_max_per_row":"","footnotes":""},"categories":[2],"tags":[],"class_list":["post-160317","post","type-post","status-publish","format-standard","has-post-thumbnail","hentry","category-geral"],"_links":{"self":[{"href":"https:\/\/www.caririemacao.com\/1\/wp-json\/wp\/v2\/posts\/160317","targetHints":{"allow":["GET"]}}],"collection":[{"href":"https:\/\/www.caririemacao.com\/1\/wp-json\/wp\/v2\/posts"}],"about":[{"href":"https:\/\/www.caririemacao.com\/1\/wp-json\/wp\/v2\/types\/post"}],"author":[{"embeddable":true,"href":"https:\/\/www.caririemacao.com\/1\/wp-json\/wp\/v2\/users\/2"}],"replies":[{"embeddable":true,"href":"https:\/\/www.caririemacao.com\/1\/wp-json\/wp\/v2\/comments?post=160317"}],"version-history":[{"count":1,"href":"https:\/\/www.caririemacao.com\/1\/wp-json\/wp\/v2\/posts\/160317\/revisions"}],"predecessor-version":[{"id":160319,"href":"https:\/\/www.caririemacao.com\/1\/wp-json\/wp\/v2\/posts\/160317\/revisions\/160319"}],"wp:featuredmedia":[{"embeddable":true,"href":"https:\/\/www.caririemacao.com\/1\/wp-json\/wp\/v2\/media\/160318"}],"wp:attachment":[{"href":"https:\/\/www.caririemacao.com\/1\/wp-json\/wp\/v2\/media?parent=160317"}],"wp:term":[{"taxonomy":"category","embeddable":true,"href":"https:\/\/www.caririemacao.com\/1\/wp-json\/wp\/v2\/categories?post=160317"},{"taxonomy":"post_tag","embeddable":true,"href":"https:\/\/www.caririemacao.com\/1\/wp-json\/wp\/v2\/tags?post=160317"}],"curies":[{"name":"wp","href":"https:\/\/api.w.org\/{rel}","templated":true}]}}