{"id":160322,"date":"2020-03-26T07:14:16","date_gmt":"2020-03-26T10:14:16","guid":{"rendered":"http:\/\/www.caririemacao.com\/1\/?p=160322"},"modified":"2020-03-26T07:14:18","modified_gmt":"2020-03-26T10:14:18","slug":"policia-prende-suspeitos-de-praticar-furtos-de-animais-na-zona-rural-de-sao-joao-do-cariri","status":"publish","type":"post","link":"https:\/\/www.caririemacao.com\/1\/2020\/03\/26\/policia-prende-suspeitos-de-praticar-furtos-de-animais-na-zona-rural-de-sao-joao-do-cariri\/","title":{"rendered":"Pol\u00edcia prende suspeitos de praticar furtos de animais na zona rural de S\u00e3o Jo\u00e3o do Cariri"},"content":{"rendered":"\n<p>Na tarde desta quarta-feira(25) guarni\u00e7\u00f5es da Pol\u00edcia Civil e Militar conseguiram capturar tr\u00eas homens que estavam roubando animais na zona rural do munic\u00edpio de S\u00e3o Jo\u00e3o do Cariri.<\/p>\n\n\n\n<p>A pris\u00e3o dos meliantes ocorreu no S\u00edtio Macambira, zona rural do munic\u00edpio e os homens foram surpreendidos pelos policiais quando j\u00e1 estavam subtraindo a carga de animais da propriedade rural.<\/p>\n\n\n\n<p>Com os presos, os policiais encontraram dois animais abatidos e um ve\u00edculo que era usado na pr\u00e1tica dos crimes. As pris\u00f5es ocorreram ap\u00f3s v\u00e1rios meses de investiga\u00e7\u00e3o por equipes das delegacias das cidades paraibanas de S\u00e3o Jo\u00e3o do Cariri e Serra Branca.<\/p>\n\n\n\n<p>A a\u00e7\u00e3o policial contou com o apoio da Delegacia Seccional de Monteiro, que desarticulou uma quadrilha que estava causando preju\u00edzos a muitos criadores do Cariri paraibano. Os presos t\u00eam 24, 39 e 40 anos de idade e s\u00e3o naturais das cidades de Campina Grande e Remigio.<\/p>\n\n\n\n<p>Segundo as investiga\u00e7\u00f5es, eles integram uma associa\u00e7\u00e3o criminosa especializada na pr\u00e1tica de furto de animais, principalmente caprinos e bovinos. Eles s\u00e3o apontados como autores da pr\u00e1tica desses crimes em v\u00e1rias localidades da regi\u00e3o do Cariri.<\/p>\n\n\n\n<p>Os meliantes foram levados para a Delegacia de Policia Civil de S\u00e3o Jo\u00e3o do Cariri e foram autuados em flagrante delito por furto qualificado. Em seguida, eles foram encaminhados para a Cadeia P\u00fablica de Serra Branca, onde permanecer\u00e3o \u00e0 disposi\u00e7\u00e3o da Justi\u00e7a.<\/p>\n\n\n\n<p><strong>De Olho no Cariri&nbsp;<\/strong><\/p>\n","protected":false},"excerpt":{"rendered":"<p>Na tarde desta quarta-feira(25) guarni\u00e7\u00f5es da Pol\u00edcia Civil e Militar conseguiram capturar tr\u00eas homens que estavam roubando animais na zona rural do munic\u00edpio de S\u00e3o&hellip; <\/p>\n","protected":false},"author":2,"featured_media":160323,"comment_status":"closed","ping_status":"closed","sticky":false,"template":"","format":"standard","meta":{"sfsi_plus_gutenberg_text_before_share":"","sfsi_plus_gutenberg_show_text_before_share":"","sfsi_plus_gutenberg_icon_type":"","sfsi_plus_gutenberg_icon_alignemt":"","sfsi_plus_gutenburg_max_per_row":"","footnotes":""},"categories":[50,12],"tags":[],"class_list":["post-160322","post","type-post","status-publish","format-standard","has-post-thumbnail","hentry","category-destaque","category-policia"],"_links":{"self":[{"href":"https:\/\/www.caririemacao.com\/1\/wp-json\/wp\/v2\/posts\/160322","targetHints":{"allow":["GET"]}}],"collection":[{"href":"https:\/\/www.caririemacao.com\/1\/wp-json\/wp\/v2\/posts"}],"about":[{"href":"https:\/\/www.caririemacao.com\/1\/wp-json\/wp\/v2\/types\/post"}],"author":[{"embeddable":true,"href":"https:\/\/www.caririemacao.com\/1\/wp-json\/wp\/v2\/users\/2"}],"replies":[{"embeddable":true,"href":"https:\/\/www.caririemacao.com\/1\/wp-json\/wp\/v2\/comments?post=160322"}],"version-history":[{"count":1,"href":"https:\/\/www.caririemacao.com\/1\/wp-json\/wp\/v2\/posts\/160322\/revisions"}],"predecessor-version":[{"id":160324,"href":"https:\/\/www.caririemacao.com\/1\/wp-json\/wp\/v2\/posts\/160322\/revisions\/160324"}],"wp:featuredmedia":[{"embeddable":true,"href":"https:\/\/www.caririemacao.com\/1\/wp-json\/wp\/v2\/media\/160323"}],"wp:attachment":[{"href":"https:\/\/www.caririemacao.com\/1\/wp-json\/wp\/v2\/media?parent=160322"}],"wp:term":[{"taxonomy":"category","embeddable":true,"href":"https:\/\/www.caririemacao.com\/1\/wp-json\/wp\/v2\/categories?post=160322"},{"taxonomy":"post_tag","embeddable":true,"href":"https:\/\/www.caririemacao.com\/1\/wp-json\/wp\/v2\/tags?post=160322"}],"curies":[{"name":"wp","href":"https:\/\/api.w.org\/{rel}","templated":true}]}}