{"id":160326,"date":"2020-03-26T07:18:13","date_gmt":"2020-03-26T10:18:13","guid":{"rendered":"http:\/\/www.caririemacao.com\/1\/?p=160326"},"modified":"2020-03-26T07:19:01","modified_gmt":"2020-03-26T10:19:01","slug":"prefeito-e-vice-de-sao-sebastiao-do-umbuzeiro-doam-salarios-e-beneficiam-mais-de-90-familias-vitimas-da-enchente-com-kits-de-limpeza","status":"publish","type":"post","link":"https:\/\/www.caririemacao.com\/1\/2020\/03\/26\/prefeito-e-vice-de-sao-sebastiao-do-umbuzeiro-doam-salarios-e-beneficiam-mais-de-90-familias-vitimas-da-enchente-com-kits-de-limpeza\/","title":{"rendered":"Prefeito e vice de S\u00e3o Sebasti\u00e3o do Umbuzeiro doam sal\u00e1rios, e beneficiam mais de 90 fam\u00edlias v\u00edtimas da enchente com kits de limpeza"},"content":{"rendered":"\n<figure class=\"wp-block-image\"><a href=\"https:\/\/1.bp.blogspot.com\/-IZDvAnoqxzc\/XnubLQbqB2I\/AAAAAAAAH0I\/2HD3CujAlw8P_quL4JLSezUCPfM956hkACLcBGAsYHQ\/s1600\/111.jpg\"><img decoding=\"async\" data-src=\"https:\/\/1.bp.blogspot.com\/-IZDvAnoqxzc\/XnubLQbqB2I\/AAAAAAAAH0I\/2HD3CujAlw8P_quL4JLSezUCPfM956hkACLcBGAsYHQ\/s400\/111.jpg\" alt=\"111\" src=\"data:image\/svg+xml;base64,PHN2ZyB3aWR0aD0iMSIgaGVpZ2h0PSIxIiB4bWxucz0iaHR0cDovL3d3dy53My5vcmcvMjAwMC9zdmciPjwvc3ZnPg==\" class=\"lazyload\" \/><\/a><\/figure>\n\n\n\n<p>O prefeito e o vice prefeito de S\u00e3o Sebasti\u00e3o do Umbuzeiro realizaram na manha desta quarta feira, 25, a doa\u00e7\u00e3o de 95 kits de produtos de limpeza para as fam\u00edlias afetadas pela chuva da \u00faltima segunda feira.<\/p>\n\n\n\n<p><br>Cada fam\u00edlia afetada pelo problema recebeu 14 litros de produtos em um kit que continha os seguintes itens; detergente, desinfetante, sab\u00e3o l\u00edquido e \u00e1gua sanit\u00e1ria.<\/p>\n\n\n\n<p><br>Estes produtos de limpeza foram comprados atrav\u00e9s da doa\u00e7\u00e3o do sal\u00e1rio integral do Prefeito Adriano Wolff&nbsp;&nbsp;e parte do sal\u00e1rio do vice-prefeito Chico de Mariano.<\/p>\n\n\n\n<p><br>DOA\u00c7\u00c3O DE COLCH\u00d5ES<br>Nesta quarta pela manh\u00e3, o prefeito Adriano tamb\u00e9m confirmou uma doa\u00e7\u00e3o de colch\u00f5es realizada atrav\u00e9s de uma a\u00e7\u00e3o do empres\u00e1rio Ronaldo Chaves da rede de lojas MOVELETRO.<\/p>\n\n\n\n<p><br>Eles estiveram reunidos pela manh\u00e3 ajustando os detalhes da realiza\u00e7\u00e3o de mais esta doa\u00e7\u00e3o.<\/p>\n\n\n\n<p><strong>FABIO BRITO<\/strong><\/p>\n","protected":false},"excerpt":{"rendered":"<p>O prefeito e o vice prefeito de S\u00e3o Sebasti\u00e3o do Umbuzeiro realizaram na manha desta quarta feira, 25, a doa\u00e7\u00e3o de 95 kits de produtos&hellip; <\/p>\n","protected":false},"author":2,"featured_media":160331,"comment_status":"closed","ping_status":"closed","sticky":false,"template":"","format":"standard","meta":{"sfsi_plus_gutenberg_text_before_share":"","sfsi_plus_gutenberg_show_text_before_share":"","sfsi_plus_gutenberg_icon_type":"","sfsi_plus_gutenberg_icon_alignemt":"","sfsi_plus_gutenburg_max_per_row":"","footnotes":""},"categories":[6],"tags":[],"class_list":["post-160326","post","type-post","status-publish","format-standard","has-post-thumbnail","hentry","category-cidades"],"_links":{"self":[{"href":"https:\/\/www.caririemacao.com\/1\/wp-json\/wp\/v2\/posts\/160326","targetHints":{"allow":["GET"]}}],"collection":[{"href":"https:\/\/www.caririemacao.com\/1\/wp-json\/wp\/v2\/posts"}],"about":[{"href":"https:\/\/www.caririemacao.com\/1\/wp-json\/wp\/v2\/types\/post"}],"author":[{"embeddable":true,"href":"https:\/\/www.caririemacao.com\/1\/wp-json\/wp\/v2\/users\/2"}],"replies":[{"embeddable":true,"href":"https:\/\/www.caririemacao.com\/1\/wp-json\/wp\/v2\/comments?post=160326"}],"version-history":[{"count":2,"href":"https:\/\/www.caririemacao.com\/1\/wp-json\/wp\/v2\/posts\/160326\/revisions"}],"predecessor-version":[{"id":160332,"href":"https:\/\/www.caririemacao.com\/1\/wp-json\/wp\/v2\/posts\/160326\/revisions\/160332"}],"wp:featuredmedia":[{"embeddable":true,"href":"https:\/\/www.caririemacao.com\/1\/wp-json\/wp\/v2\/media\/160331"}],"wp:attachment":[{"href":"https:\/\/www.caririemacao.com\/1\/wp-json\/wp\/v2\/media?parent=160326"}],"wp:term":[{"taxonomy":"category","embeddable":true,"href":"https:\/\/www.caririemacao.com\/1\/wp-json\/wp\/v2\/categories?post=160326"},{"taxonomy":"post_tag","embeddable":true,"href":"https:\/\/www.caririemacao.com\/1\/wp-json\/wp\/v2\/tags?post=160326"}],"curies":[{"name":"wp","href":"https:\/\/api.w.org\/{rel}","templated":true}]}}