{"id":160335,"date":"2020-03-26T07:19:59","date_gmt":"2020-03-26T10:19:59","guid":{"rendered":"http:\/\/www.caririemacao.com\/1\/?p=160335"},"modified":"2020-03-26T07:20:01","modified_gmt":"2020-03-26T10:20:01","slug":"prefeito-de-sao-joao-do-tigre-repudia-pronunciamento-do-presidente-e-reafirma-medidas","status":"publish","type":"post","link":"https:\/\/www.caririemacao.com\/1\/2020\/03\/26\/prefeito-de-sao-joao-do-tigre-repudia-pronunciamento-do-presidente-e-reafirma-medidas\/","title":{"rendered":"Prefeito de S\u00e3o Jo\u00e3o do Tigre repudia pronunciamento do Presidente e reafirma medidas"},"content":{"rendered":"\n<p>O prefeito de S\u00e3o Jo\u00e3o do Tigre C\u00e9lio Barbosa tamb\u00e9m repudiou de forma efetiva as declara\u00e7\u00f5es dadas em discurso pelo Presidente da Rep\u00fablica na noite desta ter\u00e7a feira, em rela\u00e7\u00e3o \u00e0 pandemia do Coronavirus.<\/p>\n\n\n\n<p>C\u00e9lio disse que o discurso do Presidente foi irrespons\u00e1vel, que coloca a vida de milh\u00f5es de pessoas, e que vai manter as determina\u00e7\u00f5es do decreto que foi promulgado em S\u00e3o Jo\u00e3o do Tigre.<\/p>\n\n\n\n<p>&#8220;O Presidente foi irrespons\u00e1vel, e eu n\u00e3o vou colocar em risco a vida dos nossos cidad\u00e3os. Todas as determina\u00e7\u00f5es do nosso decreto est\u00e3o mantidas pois atendem \u00e0s recomenda\u00e7\u00f5es dos \u00f3rg\u00e3os mundiais de saude e s\u00e3o todas adequadas para poupar a vida dos tigrenses&#8221;, afirmou C\u00e9lio.<\/p>\n","protected":false},"excerpt":{"rendered":"<p>O prefeito de S\u00e3o Jo\u00e3o do Tigre C\u00e9lio Barbosa tamb\u00e9m repudiou de forma efetiva as declara\u00e7\u00f5es dadas em discurso pelo Presidente da Rep\u00fablica na noite&hellip; <\/p>\n","protected":false},"author":2,"featured_media":138226,"comment_status":"closed","ping_status":"closed","sticky":false,"template":"","format":"standard","meta":{"sfsi_plus_gutenberg_text_before_share":"","sfsi_plus_gutenberg_show_text_before_share":"","sfsi_plus_gutenberg_icon_type":"","sfsi_plus_gutenberg_icon_alignemt":"","sfsi_plus_gutenburg_max_per_row":"","footnotes":""},"categories":[6],"tags":[],"class_list":["post-160335","post","type-post","status-publish","format-standard","has-post-thumbnail","hentry","category-cidades"],"_links":{"self":[{"href":"https:\/\/www.caririemacao.com\/1\/wp-json\/wp\/v2\/posts\/160335","targetHints":{"allow":["GET"]}}],"collection":[{"href":"https:\/\/www.caririemacao.com\/1\/wp-json\/wp\/v2\/posts"}],"about":[{"href":"https:\/\/www.caririemacao.com\/1\/wp-json\/wp\/v2\/types\/post"}],"author":[{"embeddable":true,"href":"https:\/\/www.caririemacao.com\/1\/wp-json\/wp\/v2\/users\/2"}],"replies":[{"embeddable":true,"href":"https:\/\/www.caririemacao.com\/1\/wp-json\/wp\/v2\/comments?post=160335"}],"version-history":[{"count":1,"href":"https:\/\/www.caririemacao.com\/1\/wp-json\/wp\/v2\/posts\/160335\/revisions"}],"predecessor-version":[{"id":160336,"href":"https:\/\/www.caririemacao.com\/1\/wp-json\/wp\/v2\/posts\/160335\/revisions\/160336"}],"wp:featuredmedia":[{"embeddable":true,"href":"https:\/\/www.caririemacao.com\/1\/wp-json\/wp\/v2\/media\/138226"}],"wp:attachment":[{"href":"https:\/\/www.caririemacao.com\/1\/wp-json\/wp\/v2\/media?parent=160335"}],"wp:term":[{"taxonomy":"category","embeddable":true,"href":"https:\/\/www.caririemacao.com\/1\/wp-json\/wp\/v2\/categories?post=160335"},{"taxonomy":"post_tag","embeddable":true,"href":"https:\/\/www.caririemacao.com\/1\/wp-json\/wp\/v2\/tags?post=160335"}],"curies":[{"name":"wp","href":"https:\/\/api.w.org\/{rel}","templated":true}]}}