{"id":160341,"date":"2020-03-26T07:24:22","date_gmt":"2020-03-26T10:24:22","guid":{"rendered":"http:\/\/www.caririemacao.com\/1\/?p=160341"},"modified":"2020-03-26T07:24:23","modified_gmt":"2020-03-26T10:24:23","slug":"prefeito-adriano-wolff-repudia-discurso-do-presidente-e-reafirma-determinacao-de-isolamento-social-em-ss-do-umbuzeiro","status":"publish","type":"post","link":"https:\/\/www.caririemacao.com\/1\/2020\/03\/26\/prefeito-adriano-wolff-repudia-discurso-do-presidente-e-reafirma-determinacao-de-isolamento-social-em-ss-do-umbuzeiro\/","title":{"rendered":"Prefeito Adriano Wolff repudia discurso do Presidente e reafirma determina\u00e7\u00e3o de isolamento social em SS do Umbuzeiro"},"content":{"rendered":"\n<figure class=\"wp-block-image\"><img decoding=\"async\" data-src=\"https:\/\/1.bp.blogspot.com\/-epwliHB3Rh8\/XRD9zpzJuyI\/AAAAAAAAj-Q\/NQb7eaWf3NoV_YCYtfG5hMT6rh7upnfwACLcBGAs\/s400\/adriano_nova.jpeg\" alt=\"adriano_nova\" src=\"data:image\/svg+xml;base64,PHN2ZyB3aWR0aD0iMSIgaGVpZ2h0PSIxIiB4bWxucz0iaHR0cDovL3d3dy53My5vcmcvMjAwMC9zdmciPjwvc3ZnPg==\" class=\"lazyload\" \/><\/figure>\n\n\n\n<p>O prefeito Adriano Wolff discordou completamente e lamentou o pronunciamento oficial do Presidente da Rep\u00fablica na noite desta ter\u00e7a, 24, em cadeia de emissoras de r\u00e1dios e televis\u00e3o.<br>O gestor de S\u00e3o Sebasti\u00e3o do Umbuzeiro voltou a refor\u00e7ar e redobrar a import\u00e2ncia do pedido de que seja respeitado o isolamento social.<br><\/p>\n\n\n\n<p>Adriano Wolff inclusive refor\u00e7ou a vig\u00eancia e a import\u00e2ncia do decreto que ele promulgou no munic\u00edpio atendendo as prerrogativas dos \u00f3rg\u00e3os de sa\u00fade mundial, para que funcionem apenas os servi\u00e7os essenciais e as pessoas se resguardem em casa.<\/p>\n\n\n\n<p><br>\u201cNa verdade considerei uma loucura total o que o presidente falou. Uma demonstra\u00e7\u00e3o de despreparo. A gente sabe que se ele contrair este v\u00edrus, onde \u00e9 que ele vai ser atendido, nos melhores lugares do mundo. Agora a gente n\u00e3o. Um cidad\u00e3o saosebastianense se pegar, onde \u00e9 que vai se tratar?\u201d, frisou o prefeito.<br><\/p>\n\n\n\n<p>Vale lembrar que o munic\u00edpio passou nos \u00faltimos dias, por uma situa\u00e7\u00e3o extraordin\u00e1ria, onde foi necess\u00e1ria a mobiliza\u00e7\u00e3o dos amigos, que ajudaram outros amigos, mas com a restabelecimento da normalidade, a determina\u00e7\u00e3o da gest\u00e3o municipal, \u00e9 de que o isolamento social continue sendo mantido rigorosamente.<\/p>\n\n\n\n<p><br><strong>F\u00c1BIO BRITO<\/strong><\/p>\n","protected":false},"excerpt":{"rendered":"<p>O prefeito Adriano Wolff discordou completamente e lamentou o pronunciamento oficial do Presidente da Rep\u00fablica na noite desta ter\u00e7a, 24, em cadeia de emissoras de&hellip; <\/p>\n","protected":false},"author":2,"featured_media":34920,"comment_status":"closed","ping_status":"closed","sticky":false,"template":"","format":"standard","meta":{"sfsi_plus_gutenberg_text_before_share":"","sfsi_plus_gutenberg_show_text_before_share":"","sfsi_plus_gutenberg_icon_type":"","sfsi_plus_gutenberg_icon_alignemt":"","sfsi_plus_gutenburg_max_per_row":"","footnotes":""},"categories":[2],"tags":[],"class_list":["post-160341","post","type-post","status-publish","format-standard","has-post-thumbnail","hentry","category-geral"],"_links":{"self":[{"href":"https:\/\/www.caririemacao.com\/1\/wp-json\/wp\/v2\/posts\/160341","targetHints":{"allow":["GET"]}}],"collection":[{"href":"https:\/\/www.caririemacao.com\/1\/wp-json\/wp\/v2\/posts"}],"about":[{"href":"https:\/\/www.caririemacao.com\/1\/wp-json\/wp\/v2\/types\/post"}],"author":[{"embeddable":true,"href":"https:\/\/www.caririemacao.com\/1\/wp-json\/wp\/v2\/users\/2"}],"replies":[{"embeddable":true,"href":"https:\/\/www.caririemacao.com\/1\/wp-json\/wp\/v2\/comments?post=160341"}],"version-history":[{"count":1,"href":"https:\/\/www.caririemacao.com\/1\/wp-json\/wp\/v2\/posts\/160341\/revisions"}],"predecessor-version":[{"id":160342,"href":"https:\/\/www.caririemacao.com\/1\/wp-json\/wp\/v2\/posts\/160341\/revisions\/160342"}],"wp:featuredmedia":[{"embeddable":true,"href":"https:\/\/www.caririemacao.com\/1\/wp-json\/wp\/v2\/media\/34920"}],"wp:attachment":[{"href":"https:\/\/www.caririemacao.com\/1\/wp-json\/wp\/v2\/media?parent=160341"}],"wp:term":[{"taxonomy":"category","embeddable":true,"href":"https:\/\/www.caririemacao.com\/1\/wp-json\/wp\/v2\/categories?post=160341"},{"taxonomy":"post_tag","embeddable":true,"href":"https:\/\/www.caririemacao.com\/1\/wp-json\/wp\/v2\/tags?post=160341"}],"curies":[{"name":"wp","href":"https:\/\/api.w.org\/{rel}","templated":true}]}}