{"id":160347,"date":"2020-03-26T07:38:51","date_gmt":"2020-03-26T10:38:51","guid":{"rendered":"http:\/\/www.caririemacao.com\/1\/?p=160347"},"modified":"2020-03-26T07:38:52","modified_gmt":"2020-03-26T10:38:52","slug":"ricardo-coutinho-sobre-bolsonaro-incompativel-com-a-democracia-ele-flerta-com-estado-de-sitio","status":"publish","type":"post","link":"https:\/\/www.caririemacao.com\/1\/2020\/03\/26\/ricardo-coutinho-sobre-bolsonaro-incompativel-com-a-democracia-ele-flerta-com-estado-de-sitio\/","title":{"rendered":"Ricardo Coutinho sobre Bolsonaro: incompat\u00edvel com a democracia, ele flerta com estado de s\u00edtio"},"content":{"rendered":"\n<p>O ex-governador da Para\u00edba Ricardo Coutinho, voltou a fazer uma live no instagram na noite desta quarta-feira (25) e falou novamente sobre a pandemia do Coronav\u00edrus que atinge o mundo, ele criticou o posicionamento do presidente diante da crise,\u201cquando eu ouvi o pronunciamento eu fiquei profundamente preocupado, foi um pronunciamento que falou apenas em desunir o povo, uma irresponsabilidade terr\u00edvel\u201d, disse.<\/p>\n\n\n\n<p><\/p>\n\n\n\n<p>Ricardo destacou a import\u00e2ncia do isolamento social e disse que o presidente da rep\u00fablica fez com que o povo desconfiasse da import\u00e2ncia da quarentena<\/p>\n\n\n\n<p><\/p>\n\n\n\n<p>O ex-governador da Para\u00edba disse ainda que Jair Bolsonaro \u00e9 incompat\u00edvel com a democracia e flerta com o estado de s\u00edtio.<\/p>\n\n\n\n<p><\/p>\n\n\n\n<p>Em pronunciamento na noite da \u00faltima ter\u00e7a-feira (24), Bolsonaro comparou novamente a Covid-19 a uma \u201cgripezinha\u201d ou \u201cresfriadinho\u201d e pediu para prefeitos e governadores \u201cabandonarem o conceito de terra arrasada\u201d, que, para ele, inclui o fechamento do com\u00e9rcio \u201ce o confinamento em massa\u201d. Bolsonaro tamb\u00e9m atacou a m\u00eddia, que, para ele, criou um ambiente de pavor, e voltou a criticar governadores.<\/p>\n\n\n\n<p><\/p>\n\n\n\n<p>Pol\u00eamica Para\u00edba<\/p>\n","protected":false},"excerpt":{"rendered":"<p>O ex-governador da Para\u00edba Ricardo Coutinho, voltou a fazer uma live no instagram na noite desta quarta-feira (25) e falou novamente sobre a pandemia do&hellip; <\/p>\n","protected":false},"author":2,"featured_media":53143,"comment_status":"closed","ping_status":"closed","sticky":false,"template":"","format":"standard","meta":{"sfsi_plus_gutenberg_text_before_share":"","sfsi_plus_gutenberg_show_text_before_share":"","sfsi_plus_gutenberg_icon_type":"","sfsi_plus_gutenberg_icon_alignemt":"","sfsi_plus_gutenburg_max_per_row":"","footnotes":""},"categories":[11],"tags":[],"class_list":["post-160347","post","type-post","status-publish","format-standard","has-post-thumbnail","hentry","category-politica"],"_links":{"self":[{"href":"https:\/\/www.caririemacao.com\/1\/wp-json\/wp\/v2\/posts\/160347","targetHints":{"allow":["GET"]}}],"collection":[{"href":"https:\/\/www.caririemacao.com\/1\/wp-json\/wp\/v2\/posts"}],"about":[{"href":"https:\/\/www.caririemacao.com\/1\/wp-json\/wp\/v2\/types\/post"}],"author":[{"embeddable":true,"href":"https:\/\/www.caririemacao.com\/1\/wp-json\/wp\/v2\/users\/2"}],"replies":[{"embeddable":true,"href":"https:\/\/www.caririemacao.com\/1\/wp-json\/wp\/v2\/comments?post=160347"}],"version-history":[{"count":1,"href":"https:\/\/www.caririemacao.com\/1\/wp-json\/wp\/v2\/posts\/160347\/revisions"}],"predecessor-version":[{"id":160348,"href":"https:\/\/www.caririemacao.com\/1\/wp-json\/wp\/v2\/posts\/160347\/revisions\/160348"}],"wp:featuredmedia":[{"embeddable":true,"href":"https:\/\/www.caririemacao.com\/1\/wp-json\/wp\/v2\/media\/53143"}],"wp:attachment":[{"href":"https:\/\/www.caririemacao.com\/1\/wp-json\/wp\/v2\/media?parent=160347"}],"wp:term":[{"taxonomy":"category","embeddable":true,"href":"https:\/\/www.caririemacao.com\/1\/wp-json\/wp\/v2\/categories?post=160347"},{"taxonomy":"post_tag","embeddable":true,"href":"https:\/\/www.caririemacao.com\/1\/wp-json\/wp\/v2\/tags?post=160347"}],"curies":[{"name":"wp","href":"https:\/\/api.w.org\/{rel}","templated":true}]}}