{"id":160353,"date":"2020-03-26T07:42:04","date_gmt":"2020-03-26T10:42:04","guid":{"rendered":"http:\/\/www.caririemacao.com\/1\/?p=160353"},"modified":"2020-03-26T07:42:05","modified_gmt":"2020-03-26T10:42:05","slug":"bolsonaro-decreta-reabertura-de-casas-lotericas-no-pais","status":"publish","type":"post","link":"https:\/\/www.caririemacao.com\/1\/2020\/03\/26\/bolsonaro-decreta-reabertura-de-casas-lotericas-no-pais\/","title":{"rendered":"Bolsonaro decreta reabertura de casas lot\u00e9ricas no pa\u00eds"},"content":{"rendered":"\n<p>O presidente Jair Bolsonaro informou na noite desta quarta-feira (25), pelas redes sociais, que atualizou um&nbsp;decreto com o objetivo de autorizar o funcionamento de casas lot\u00e9ricas em todo pa\u00eds. O decreto do presidente contraria as determina\u00e7\u00f5es dos estados para o fechamento de estabelecimentos comerciais devido \u00e0 crise do coronav\u00edrus.<\/p>\n\n\n\n<p>De acordo com o presidente, existem 2. 463 casas lot\u00e9ricas fechadas. \u201cNo Brasil existem 12.956 casas lot\u00e9ricas e 2.463 se encontram fechadas por decretos estaduais ou municipais. Para que possam funcionar em sua plenitude, atualizei, nessa data, o Decreto 10.282\u201d, disse o presidente.<\/p>\n\n\n\n<figure class=\"wp-block-image\"><img decoding=\"async\" data-src=\"https:\/\/www.clickpb.com.br\/media\/filer_public\/83\/bd\/83bd7db9-0c23-4d92-992e-f677b47182b9\/lotericas.jpg\" alt=\"\" src=\"data:image\/svg+xml;base64,PHN2ZyB3aWR0aD0iMSIgaGVpZ2h0PSIxIiB4bWxucz0iaHR0cDovL3d3dy53My5vcmcvMjAwMC9zdmciPjwvc3ZnPg==\" class=\"lazyload\" \/><\/figure>\n\n\n\n<p>Na noite da \u00faltima ter\u00e7a-feira (24), Bolsonaro&nbsp;se posicionou contr\u00e1rio ao isolamento social como estrat\u00e9gia para evitar o caos na sa\u00fade devido ao coronav\u00edrus. De acordo com o presidente, com os estabelecimentos comerciais fechados, o Brasil vai entrar em colapso financeiro.&nbsp;<\/p>\n\n\n\n<p>A fala do presidente&nbsp;provocou uma onda de revolta entre a popula\u00e7\u00e3o, como tamb\u00e9m cartas de rep\u00fadios enviadas por secret\u00e1rios de sa\u00fade, prefeitos e governadores.&nbsp;<\/p>\n","protected":false},"excerpt":{"rendered":"<p>O presidente Jair Bolsonaro informou na noite desta quarta-feira (25), pelas redes sociais, que atualizou um&nbsp;decreto com o objetivo de autorizar o funcionamento de casas&hellip; <\/p>\n","protected":false},"author":2,"featured_media":160354,"comment_status":"closed","ping_status":"closed","sticky":false,"template":"","format":"standard","meta":{"sfsi_plus_gutenberg_text_before_share":"","sfsi_plus_gutenberg_show_text_before_share":"","sfsi_plus_gutenberg_icon_type":"","sfsi_plus_gutenberg_icon_alignemt":"","sfsi_plus_gutenburg_max_per_row":"","footnotes":""},"categories":[50,2],"tags":[],"class_list":["post-160353","post","type-post","status-publish","format-standard","has-post-thumbnail","hentry","category-destaque","category-geral"],"_links":{"self":[{"href":"https:\/\/www.caririemacao.com\/1\/wp-json\/wp\/v2\/posts\/160353","targetHints":{"allow":["GET"]}}],"collection":[{"href":"https:\/\/www.caririemacao.com\/1\/wp-json\/wp\/v2\/posts"}],"about":[{"href":"https:\/\/www.caririemacao.com\/1\/wp-json\/wp\/v2\/types\/post"}],"author":[{"embeddable":true,"href":"https:\/\/www.caririemacao.com\/1\/wp-json\/wp\/v2\/users\/2"}],"replies":[{"embeddable":true,"href":"https:\/\/www.caririemacao.com\/1\/wp-json\/wp\/v2\/comments?post=160353"}],"version-history":[{"count":1,"href":"https:\/\/www.caririemacao.com\/1\/wp-json\/wp\/v2\/posts\/160353\/revisions"}],"predecessor-version":[{"id":160355,"href":"https:\/\/www.caririemacao.com\/1\/wp-json\/wp\/v2\/posts\/160353\/revisions\/160355"}],"wp:featuredmedia":[{"embeddable":true,"href":"https:\/\/www.caririemacao.com\/1\/wp-json\/wp\/v2\/media\/160354"}],"wp:attachment":[{"href":"https:\/\/www.caririemacao.com\/1\/wp-json\/wp\/v2\/media?parent=160353"}],"wp:term":[{"taxonomy":"category","embeddable":true,"href":"https:\/\/www.caririemacao.com\/1\/wp-json\/wp\/v2\/categories?post=160353"},{"taxonomy":"post_tag","embeddable":true,"href":"https:\/\/www.caririemacao.com\/1\/wp-json\/wp\/v2\/tags?post=160353"}],"curies":[{"name":"wp","href":"https:\/\/api.w.org\/{rel}","templated":true}]}}