{"id":160370,"date":"2020-03-26T09:06:53","date_gmt":"2020-03-26T12:06:53","guid":{"rendered":"http:\/\/www.caririemacao.com\/1\/?p=160370"},"modified":"2020-03-26T09:06:54","modified_gmt":"2020-03-26T12:06:54","slug":"governo-da-pb-e-mps-divulgam-nota-conjunta-sobre-isolamento-social-obrigatorio","status":"publish","type":"post","link":"https:\/\/www.caririemacao.com\/1\/2020\/03\/26\/governo-da-pb-e-mps-divulgam-nota-conjunta-sobre-isolamento-social-obrigatorio\/","title":{"rendered":"Governo da PB e MPs divulgam nota conjunta, sobre isolamento social obrigat\u00f3rio"},"content":{"rendered":"\n<p>O Governo do Estado divulgou, na \u00faltima ter\u00e7a-feira (24), nota conjunta com o Minist\u00e9rio P\u00fablico da Para\u00edba, o Minist\u00e9rio Publico Federal e o Minist\u00e9rio P\u00fablico do Trabalho alertando a sociedade de que o isolamento social \u00e9 obrigat\u00f3rio, tendo em vista a emerg\u00eancia causada pela pandemia da Covid-19, e que, por isso, as for\u00e7as policiais do Estado est\u00e3o autorizadas a fechar bares, restaurantes e outros estabelecimentos que insistam em descumprir as medidas determinadas.<\/p>\n\n\n\n<p>De acordo com a nota, os donos dos estabelecimentos que descumprirem as medidas contidas nos decretos governamentais podem ser penalizados nos termos da lei. A popula\u00e7\u00e3o tamb\u00e9m \u00e9 orientada a sair de casa somente nos casos de real necessidade, evitando aglomera\u00e7\u00f5es de qualquer tipo. \u201cSe cada um fizer a sua parte, a pandemia ser\u00e1 contida e vencida\u201d, ressalta a nota.<\/p>\n\n\n\n<p>Foto ilustrativa: Reprodu\u00e7\u00e3o<\/p>\n\n\n\n<p>Confira o texto na \u00edntegra:<\/p>\n\n\n\n<p>COMUNICADO<\/p>\n\n\n\n<p>ISOLAMENTO SOCIAL \u00c9 OBRIGAT\u00d3RIO<\/p>\n\n\n\n<p>Considerando a emerg\u00eancia causada pela pandemia da Covid-19, o Minist\u00e9rio P\u00fablico da Para\u00edba, o Minist\u00e9rio Publico Federal, o Minist\u00e9rio P\u00fablico do Trabalho e o Governo do Estado alertam a sociedade de que as for\u00e7as policiais do Estado est\u00e3o autorizadas a fechar bares, restaurantes e outros estabelecimentos que insistam em descumprir as medidas de isolamento social.<\/p>\n\n\n\n<p>Os \u00f3rg\u00e3os comunicam, ainda, que os respons\u00e1veis pelos estabelecimentos descumpridores da determina\u00e7\u00e3o podem ser penalizados nos termos da lei.<\/p>\n\n\n\n<p>Tamb\u00e9m orientam a popula\u00e7\u00e3o que s\u00f3 saia de casa nos casos de real necessidade; n\u00e3o lote supermercados, feiras livres e farm\u00e1cias; evite aglomera\u00e7\u00f5es de qualquer tipo; e reforce as medidas de higiene.<\/p>\n\n\n\n<p>Se cada um fizer a sua parte, a pandemia ser\u00e1 contida e vencida.<\/p>\n\n\n\n<p>Minist\u00e9rio P\u00fablico da Para\u00edba \u2013 MPPB<br>Minist\u00e9rio P\u00fablico do Trabalho -MPT<br>Minist\u00e9rio P\u00fablico Federal \u2013 MPF<br>Governo do Estado da Para\u00edba<\/p>\n","protected":false},"excerpt":{"rendered":"<p>O Governo do Estado divulgou, na \u00faltima ter\u00e7a-feira (24), nota conjunta com o Minist\u00e9rio P\u00fablico da Para\u00edba, o Minist\u00e9rio Publico Federal e o Minist\u00e9rio P\u00fablico&hellip; <\/p>\n","protected":false},"author":1,"featured_media":159255,"comment_status":"closed","ping_status":"closed","sticky":false,"template":"","format":"standard","meta":{"sfsi_plus_gutenberg_text_before_share":"","sfsi_plus_gutenberg_show_text_before_share":"","sfsi_plus_gutenberg_icon_type":"","sfsi_plus_gutenberg_icon_alignemt":"","sfsi_plus_gutenburg_max_per_row":"","footnotes":""},"categories":[50,16],"tags":[],"class_list":["post-160370","post","type-post","status-publish","format-standard","has-post-thumbnail","hentry","category-destaque","category-saude"],"_links":{"self":[{"href":"https:\/\/www.caririemacao.com\/1\/wp-json\/wp\/v2\/posts\/160370","targetHints":{"allow":["GET"]}}],"collection":[{"href":"https:\/\/www.caririemacao.com\/1\/wp-json\/wp\/v2\/posts"}],"about":[{"href":"https:\/\/www.caririemacao.com\/1\/wp-json\/wp\/v2\/types\/post"}],"author":[{"embeddable":true,"href":"https:\/\/www.caririemacao.com\/1\/wp-json\/wp\/v2\/users\/1"}],"replies":[{"embeddable":true,"href":"https:\/\/www.caririemacao.com\/1\/wp-json\/wp\/v2\/comments?post=160370"}],"version-history":[{"count":1,"href":"https:\/\/www.caririemacao.com\/1\/wp-json\/wp\/v2\/posts\/160370\/revisions"}],"predecessor-version":[{"id":160371,"href":"https:\/\/www.caririemacao.com\/1\/wp-json\/wp\/v2\/posts\/160370\/revisions\/160371"}],"wp:featuredmedia":[{"embeddable":true,"href":"https:\/\/www.caririemacao.com\/1\/wp-json\/wp\/v2\/media\/159255"}],"wp:attachment":[{"href":"https:\/\/www.caririemacao.com\/1\/wp-json\/wp\/v2\/media?parent=160370"}],"wp:term":[{"taxonomy":"category","embeddable":true,"href":"https:\/\/www.caririemacao.com\/1\/wp-json\/wp\/v2\/categories?post=160370"},{"taxonomy":"post_tag","embeddable":true,"href":"https:\/\/www.caririemacao.com\/1\/wp-json\/wp\/v2\/tags?post=160370"}],"curies":[{"name":"wp","href":"https:\/\/api.w.org\/{rel}","templated":true}]}}