{"id":160377,"date":"2020-03-26T12:10:30","date_gmt":"2020-03-26T15:10:30","guid":{"rendered":"http:\/\/www.caririemacao.com\/1\/?p=160377"},"modified":"2020-03-26T12:10:32","modified_gmt":"2020-03-26T15:10:32","slug":"jovem-e-encontrado-morto-em-sume","status":"publish","type":"post","link":"https:\/\/www.caririemacao.com\/1\/2020\/03\/26\/jovem-e-encontrado-morto-em-sume\/","title":{"rendered":"Jovem \u00e9 encontrado morto em Sum\u00e9"},"content":{"rendered":"\n<p>O corpo do jovem sumeense de 27 anos que estava desaparecido desde as 19h desta quarta-feira, dia 25, na cidade de Sum\u00e9, foi encontrado pr\u00f3ximo a rio pr\u00f3ximo ao cemit\u00e9rio em Sum\u00e9.<\/p>\n\n\n\n<p>Trata-se do jovem \u00e9 Edgleison Almeida estava com depress\u00e3o e\nfugiu de casa ontem \u00e0 noite. A fam\u00edlia estava a sua procura. Ele morava na V\u00e1rzea\nRedonda (Sum\u00e9) e estava vestido com uma regata preta e short preto. Sua m\u00e3e\nencontrasse desesperada.<\/p>\n\n\n\n<p>A fam\u00edlia usou a rede social para informar que Edgleison tinha sido encontrado morto. Os familiares agradeceram pelas ora\u00e7\u00f5es, pela preocupa\u00e7\u00e3o, pelas liga\u00e7\u00f5es e mensagens.<\/p>\n\n\n\n<figure class=\"wp-block-image size-large\"><img fetchpriority=\"high\" decoding=\"async\" width=\"576\" height=\"1024\" src=\"http:\/\/www.caririemacao.com\/1\/wp-content\/uploads\/2020\/03\/WhatsApp-Image-2020-03-26-at-11.54.37-576x1024.jpeg\" alt=\"\" class=\"wp-image-160379\" srcset=\"https:\/\/www.caririemacao.com\/1\/wp-content\/uploads\/2020\/03\/WhatsApp-Image-2020-03-26-at-11.54.37-576x1024.jpeg 576w, https:\/\/www.caririemacao.com\/1\/wp-content\/uploads\/2020\/03\/WhatsApp-Image-2020-03-26-at-11.54.37-169x300.jpeg 169w, https:\/\/www.caririemacao.com\/1\/wp-content\/uploads\/2020\/03\/WhatsApp-Image-2020-03-26-at-11.54.37.jpeg 720w\" sizes=\"(max-width: 576px) 100vw, 576px\" \/><\/figure>\n\n\n\n<p>Existe a possibilidade que ele tenha cometido suic\u00eddio. A\npol\u00edcia est\u00e1 no local aguardando o IML.<\/p>\n","protected":false},"excerpt":{"rendered":"<p>O corpo do jovem sumeense de 27 anos que estava desaparecido desde as 19h desta quarta-feira, dia 25, na cidade de Sum\u00e9, foi encontrado pr\u00f3ximo&hellip; <\/p>\n","protected":false},"author":1,"featured_media":160378,"comment_status":"closed","ping_status":"closed","sticky":false,"template":"","format":"standard","meta":{"sfsi_plus_gutenberg_text_before_share":"","sfsi_plus_gutenberg_show_text_before_share":"","sfsi_plus_gutenberg_icon_type":"","sfsi_plus_gutenberg_icon_alignemt":"","sfsi_plus_gutenburg_max_per_row":"","footnotes":""},"categories":[50,12],"tags":[],"class_list":["post-160377","post","type-post","status-publish","format-standard","has-post-thumbnail","hentry","category-destaque","category-policia"],"_links":{"self":[{"href":"https:\/\/www.caririemacao.com\/1\/wp-json\/wp\/v2\/posts\/160377","targetHints":{"allow":["GET"]}}],"collection":[{"href":"https:\/\/www.caririemacao.com\/1\/wp-json\/wp\/v2\/posts"}],"about":[{"href":"https:\/\/www.caririemacao.com\/1\/wp-json\/wp\/v2\/types\/post"}],"author":[{"embeddable":true,"href":"https:\/\/www.caririemacao.com\/1\/wp-json\/wp\/v2\/users\/1"}],"replies":[{"embeddable":true,"href":"https:\/\/www.caririemacao.com\/1\/wp-json\/wp\/v2\/comments?post=160377"}],"version-history":[{"count":1,"href":"https:\/\/www.caririemacao.com\/1\/wp-json\/wp\/v2\/posts\/160377\/revisions"}],"predecessor-version":[{"id":160380,"href":"https:\/\/www.caririemacao.com\/1\/wp-json\/wp\/v2\/posts\/160377\/revisions\/160380"}],"wp:featuredmedia":[{"embeddable":true,"href":"https:\/\/www.caririemacao.com\/1\/wp-json\/wp\/v2\/media\/160378"}],"wp:attachment":[{"href":"https:\/\/www.caririemacao.com\/1\/wp-json\/wp\/v2\/media?parent=160377"}],"wp:term":[{"taxonomy":"category","embeddable":true,"href":"https:\/\/www.caririemacao.com\/1\/wp-json\/wp\/v2\/categories?post=160377"},{"taxonomy":"post_tag","embeddable":true,"href":"https:\/\/www.caririemacao.com\/1\/wp-json\/wp\/v2\/tags?post=160377"}],"curies":[{"name":"wp","href":"https:\/\/api.w.org\/{rel}","templated":true}]}}