{"id":160384,"date":"2020-03-26T12:24:56","date_gmt":"2020-03-26T15:24:56","guid":{"rendered":"http:\/\/www.caririemacao.com\/1\/?p=160384"},"modified":"2020-03-26T12:25:54","modified_gmt":"2020-03-26T15:25:54","slug":"direcao-do-hospital-regional-de-monteiro-divulga-nota-sobre-denuncia-divulgada-em-blog","status":"publish","type":"post","link":"https:\/\/www.caririemacao.com\/1\/2020\/03\/26\/direcao-do-hospital-regional-de-monteiro-divulga-nota-sobre-denuncia-divulgada-em-blog\/","title":{"rendered":"Dire\u00e7\u00e3o do Hospital Regional de Monteiro divulga nota sobre den\u00fancia divulgada em blog"},"content":{"rendered":"\n<p>A Dire\u00e7\u00e3o do Hospital Regional de Monteiro divulgou uma nota no in\u00edcio da tarde desta quinta-feira, 26, esclarecendo informa\u00e7\u00f5es divulgadas por um blog da regi\u00e3o, relacionadas a um paciente que veio \u00e0 \u00f3bito na unidade e que havia dado entrada na unidade com sintomas semelhantes ao v\u00edrus Covid-19.<\/p>\n\n\n\n<p><br>Confira a nota:<\/p>\n\n\n\n<p><br><em>A respeito da reportagem veiculada no Blog PORTAL TV CARIRI, a dire\u00e7\u00e3o do Hospital e Maternidade Santa Filomena, na pessoa do seu Diretor Geral, C\u00e9lio de Carli, vem \u00e0 p\u00fablico pontuar alguns questionamentos.<\/em><\/p>\n\n\n\n<p><br><em>1 \u2013 O paciente de iniciais J.H.N., natural de Zabel\u00ea, deu entrada no HMSF no dia 21\/03\/2020, apresentando sintomas semelhantes ao v\u00edrus Covid-19 (Novo Coronav\u00edrus), tais como tosse persistente, febre h\u00e1 dois dias e dispneia. A equipe m\u00e9dica seguiu os protocolos recomendados pela Organiza\u00e7\u00e3o Mundial da Sa\u00fade (OMS), Minist\u00e9rio da Sa\u00fade e Secretaria de Estado da Sa\u00fade, j\u00e1 que se tratava de um caso suspeito do Covid-19, e realizou o isolamento do paciente, realizando a coleta do material para realiza\u00e7\u00e3o do exame para doen\u00e7as respirat\u00f3rias;<\/em><\/p>\n\n\n\n<p><br><em>2 \u2013 Foi pesquisado outros problemas de sa\u00fade dentro da Unidade Hospitalar, atrav\u00e9s de exames de imagem e de sangue, inclusive a pr\u00f3pria reportagem confirma isso, e ao verificar altera\u00e7\u00f5es renais o mesmo foi medicado e recebeu assist\u00eancia m\u00e9dica a todo momento, e tamb\u00e9m a equipe m\u00e9dica solicitou transfer\u00eancia aos locais de refer\u00eancia, mantendo-o em isolamento, j\u00e1 que relat\u00f3rios da OMS e do Minist\u00e9rio da Sa\u00fade colocam as pessoas que t\u00eam alguma das Doen\u00e7as Renais entre os mais suscet\u00edveis \u00e0 Covid-19;<\/em><\/p>\n\n\n\n<p><br><em>3 \u2013 Conforme consta na reportagem, como denunciam o HMSF por neglig\u00eancia e omiss\u00e3o de socorro, se foram seguidos \u00e0 risca o protocolo da OMS e do Minist\u00e9rio da Sa\u00fade no tocante a casos em investiga\u00e7\u00e3o do Covid-19? Como queriam que fosse descartado a quest\u00e3o da investiga\u00e7\u00e3o do v\u00edrus Covid-19 sem chegar o resultado do exame?<\/em><\/p>\n\n\n\n<p><br><em>4 \u2013 De forma irrespons\u00e1vel veiculam imagem do prontu\u00e1rio do paciente com dados pessoais dos funcion\u00e1rios e do pr\u00f3prio paciente, e mesmo propagando essa imagem, fica claro que n\u00e3o existiu omiss\u00e3o e neglig\u00eancia por parte da unidade de sa\u00fade, todas as prescri\u00e7\u00f5es e evolu\u00e7\u00f5es m\u00e9dicas e de enfermagem est\u00e3o preenchidas;<\/em><\/p>\n\n\n\n<p><br><em>5 \u2013 A dire\u00e7\u00e3o informa ainda que entregou pessoalmente o prontu\u00e1rio do paciente ao familiar que esteve na Administra\u00e7\u00e3o da Unidade, e tamb\u00e9m conversou pessoalmente com o Sr. Laerte Lins na pr\u00f3pria sala da Dire\u00e7\u00e3o Geral no dia 25\/03\/2020, e se solidarizou com todos os familiares pela perda;<\/em><\/p>\n\n\n\n<p><br><em>6 \u2013 Para finalizar, a Dire\u00e7\u00e3o Geral lamenta que na pr\u00f3pria reportagem seja vinculado fake news, uma vez que em nenhum momento foi procurada pela reportagem, como abordam na mesma, e aguarda posicionamentos dos \u00f3rg\u00e3os competentes para apurar a den\u00fancia, uma vez que foi seguido todos os protocolos e dada toda assist\u00eancia necess\u00e1ria ao paciente.<\/em><\/p>\n","protected":false},"excerpt":{"rendered":"<p>A Dire\u00e7\u00e3o do Hospital Regional de Monteiro divulgou uma nota no in\u00edcio da tarde desta quinta-feira, 26, esclarecendo informa\u00e7\u00f5es divulgadas por um blog da regi\u00e3o,&hellip; <\/p>\n","protected":false},"author":2,"featured_media":17728,"comment_status":"closed","ping_status":"closed","sticky":false,"template":"","format":"standard","meta":{"sfsi_plus_gutenberg_text_before_share":"","sfsi_plus_gutenberg_show_text_before_share":"","sfsi_plus_gutenberg_icon_type":"","sfsi_plus_gutenberg_icon_alignemt":"","sfsi_plus_gutenburg_max_per_row":"","footnotes":""},"categories":[2],"tags":[],"class_list":["post-160384","post","type-post","status-publish","format-standard","has-post-thumbnail","hentry","category-geral"],"_links":{"self":[{"href":"https:\/\/www.caririemacao.com\/1\/wp-json\/wp\/v2\/posts\/160384","targetHints":{"allow":["GET"]}}],"collection":[{"href":"https:\/\/www.caririemacao.com\/1\/wp-json\/wp\/v2\/posts"}],"about":[{"href":"https:\/\/www.caririemacao.com\/1\/wp-json\/wp\/v2\/types\/post"}],"author":[{"embeddable":true,"href":"https:\/\/www.caririemacao.com\/1\/wp-json\/wp\/v2\/users\/2"}],"replies":[{"embeddable":true,"href":"https:\/\/www.caririemacao.com\/1\/wp-json\/wp\/v2\/comments?post=160384"}],"version-history":[{"count":1,"href":"https:\/\/www.caririemacao.com\/1\/wp-json\/wp\/v2\/posts\/160384\/revisions"}],"predecessor-version":[{"id":160385,"href":"https:\/\/www.caririemacao.com\/1\/wp-json\/wp\/v2\/posts\/160384\/revisions\/160385"}],"wp:featuredmedia":[{"embeddable":true,"href":"https:\/\/www.caririemacao.com\/1\/wp-json\/wp\/v2\/media\/17728"}],"wp:attachment":[{"href":"https:\/\/www.caririemacao.com\/1\/wp-json\/wp\/v2\/media?parent=160384"}],"wp:term":[{"taxonomy":"category","embeddable":true,"href":"https:\/\/www.caririemacao.com\/1\/wp-json\/wp\/v2\/categories?post=160384"},{"taxonomy":"post_tag","embeddable":true,"href":"https:\/\/www.caririemacao.com\/1\/wp-json\/wp\/v2\/tags?post=160384"}],"curies":[{"name":"wp","href":"https:\/\/api.w.org\/{rel}","templated":true}]}}