{"id":160390,"date":"2020-03-26T13:05:29","date_gmt":"2020-03-26T16:05:29","guid":{"rendered":"http:\/\/www.caririemacao.com\/1\/?p=160390"},"modified":"2020-03-26T13:05:31","modified_gmt":"2020-03-26T16:05:31","slug":"condominios-e-conjuntos-habitacionais-da-paraiba-terao-que-reportar-casos-de-violencia-domestica","status":"publish","type":"post","link":"https:\/\/www.caririemacao.com\/1\/2020\/03\/26\/condominios-e-conjuntos-habitacionais-da-paraiba-terao-que-reportar-casos-de-violencia-domestica\/","title":{"rendered":"Condom\u00ednios e conjuntos habitacionais da Para\u00edba ter\u00e3o que reportar casos de viol\u00eancia dom\u00e9stica"},"content":{"rendered":"\n<p>Os condom\u00ednios e conjuntos habitacionais da Para\u00edba s\u00e3o obrigados a comunicar \u00e0 Delegacia Especializada de Defesa da Mulher casos de viol\u00eancia dom\u00e9stica. A lei, de autoria do deputado Adriano Galdino, foi publicada no Di\u00e1rio Oficial do Estado desta quinta-feira (26).<\/p>\n\n\n\n<p>De acordo com o texto da lei, aquele que presenciar os casos de agress\u00f5es dever\u00e1 notificar de imediato o s\u00edndico ou a administradora de condom\u00ednios, devendo ter o seu sigilo assegurado. Ap\u00f3s conhecimento do fato devidamente constatado, o s\u00edndico ou a administradora de condom\u00ednios dever\u00e1 comunicar \u00e0 Delegacia Especializada de Defesa da Mulher.<\/p>\n\n\n\n<p>As den\u00fancias dever\u00e3o conter as seguintes informa\u00e7\u00f5es, quando poss\u00edvel: qualifica\u00e7\u00e3o dos moradores do respectivo apartamento, casa ou similares; endere\u00e7o; e, se tiver, telefone de contato da v\u00edtima.<\/p>\n\n\n\n<p>O descumprimento da Lei sujeitar\u00e1 os condom\u00ednios residenciais, conjuntos habitacionais e cong\u00eaneres, \u00e0s penalidades de advert\u00eancia e multa entre 200 (duzentas) e 2.000 (duas mil) UFR-PB (Unidades Fiscais de Refer\u00eancia do Estado da Para\u00edba). Em caso de reincid\u00eancia ser\u00e1 duplicado o valor da multa aplicada.<\/p>\n","protected":false},"excerpt":{"rendered":"<p>Os condom\u00ednios e conjuntos habitacionais da Para\u00edba s\u00e3o obrigados a comunicar \u00e0 Delegacia Especializada de Defesa da Mulher casos de viol\u00eancia dom\u00e9stica. A lei, de&hellip; <\/p>\n","protected":false},"author":2,"featured_media":160391,"comment_status":"closed","ping_status":"closed","sticky":false,"template":"","format":"standard","meta":{"sfsi_plus_gutenberg_text_before_share":"","sfsi_plus_gutenberg_show_text_before_share":"","sfsi_plus_gutenberg_icon_type":"","sfsi_plus_gutenberg_icon_alignemt":"","sfsi_plus_gutenburg_max_per_row":"","footnotes":""},"categories":[2],"tags":[],"class_list":["post-160390","post","type-post","status-publish","format-standard","has-post-thumbnail","hentry","category-geral"],"_links":{"self":[{"href":"https:\/\/www.caririemacao.com\/1\/wp-json\/wp\/v2\/posts\/160390","targetHints":{"allow":["GET"]}}],"collection":[{"href":"https:\/\/www.caririemacao.com\/1\/wp-json\/wp\/v2\/posts"}],"about":[{"href":"https:\/\/www.caririemacao.com\/1\/wp-json\/wp\/v2\/types\/post"}],"author":[{"embeddable":true,"href":"https:\/\/www.caririemacao.com\/1\/wp-json\/wp\/v2\/users\/2"}],"replies":[{"embeddable":true,"href":"https:\/\/www.caririemacao.com\/1\/wp-json\/wp\/v2\/comments?post=160390"}],"version-history":[{"count":1,"href":"https:\/\/www.caririemacao.com\/1\/wp-json\/wp\/v2\/posts\/160390\/revisions"}],"predecessor-version":[{"id":160392,"href":"https:\/\/www.caririemacao.com\/1\/wp-json\/wp\/v2\/posts\/160390\/revisions\/160392"}],"wp:featuredmedia":[{"embeddable":true,"href":"https:\/\/www.caririemacao.com\/1\/wp-json\/wp\/v2\/media\/160391"}],"wp:attachment":[{"href":"https:\/\/www.caririemacao.com\/1\/wp-json\/wp\/v2\/media?parent=160390"}],"wp:term":[{"taxonomy":"category","embeddable":true,"href":"https:\/\/www.caririemacao.com\/1\/wp-json\/wp\/v2\/categories?post=160390"},{"taxonomy":"post_tag","embeddable":true,"href":"https:\/\/www.caririemacao.com\/1\/wp-json\/wp\/v2\/tags?post=160390"}],"curies":[{"name":"wp","href":"https:\/\/api.w.org\/{rel}","templated":true}]}}