{"id":160395,"date":"2020-03-26T13:06:54","date_gmt":"2020-03-26T16:06:54","guid":{"rendered":"http:\/\/www.caririemacao.com\/1\/?p=160395"},"modified":"2020-03-26T13:06:56","modified_gmt":"2020-03-26T16:06:56","slug":"bolsonaro-renuncia-ou-fazem-impeachment-dele-diz-lula","status":"publish","type":"post","link":"https:\/\/www.caririemacao.com\/1\/2020\/03\/26\/bolsonaro-renuncia-ou-fazem-impeachment-dele-diz-lula\/","title":{"rendered":"&#8220;Bolsonaro renuncia, ou fazem impeachment dele&#8221;, diz Lula"},"content":{"rendered":"\n<p>O ex-presidente Luiz In\u00e1cio Lula da Silva disse na quarta-feira (25), durante conversa com o ex-prefeito de S\u00e3o Paulo Fernando Haddad&nbsp;<a href=\"https:\/\/twitter.com\/LulaOficial\/status\/1242954414127792133?ref_src=twsrc%5Etfw%7Ctwcamp%5Etweetembed%7Ctwterm%5E1242954414127792133&amp;ref_url=https%3A%2F%2Fwww.terra.com.br%2Fnoticias%2Fbrasil%2Fpolitica%2Fou-bolsonaro-renuncia-ou-fazem-impeachment-dele-diz-lula%2C744bdcf0b84d9f5e0fe6d6d5edfa5f40m8chru53.html\">transmitida ao vivo em suas redes sociais<\/a>, que o presidente Jair Bolsonaro n\u00e3o tem &#8220;estatura psicol\u00f3gica&#8221; para governar o Brasil e, portanto, deve renunciar ou &#8220;se faz o impeachment&#8221;.<\/p>\n\n\n\n<p>&#8220;Haddad, acho que n\u00f3s estamos numa situa\u00e7\u00e3o complicada, porque acho que o Bolsonaro n\u00e3o tem estatura psicol\u00f3gica para continuar governando o Brasil. Ou este cidad\u00e3o renuncia ou se faz o impeachment dele, alguma coisa, porque n\u00e3o \u00e9 poss\u00edvel que algu\u00e9m seja t\u00e3o irrespons\u00e1vel de brincar com a vida de milh\u00f5es de pessoas como ele est\u00e1 brincando&#8221;, disse o ex-presidente.<\/p>\n\n\n\n<p>Lula criticou duramente o pronunciamento de Bolsonaro no qual o presidente defendeu a flexibiliza\u00e7\u00e3o das medidas de controle ao coronav\u00edrus adotadas pelos Estados e voltou a comparar a doen\u00e7a a uma &#8220;gripezinha&#8221;.<\/p>\n\n\n\n<p>Citando epis\u00f3dios de seus oito anos de governo para ilustrar sua fala, Lula disse que o papel de um presidente em momentos de crise \u00e9 unir o Pa\u00eds, ouvir os melhores especialistas em cada \u00e1rea e tomar decis\u00f5es com base em fatos cient\u00edficos.<\/p>\n\n\n\n<p>Ao falar em ren\u00fancia ou impeachment de Bolsonaro, Lula faz um avan\u00e7o em rela\u00e7\u00e3o \u00e0 posi\u00e7\u00e3o que defendia desde a elei\u00e7\u00e3o do atual presidente, sempre contr\u00e1ria ao discurso de setores do pr\u00f3prio PT que pedem a derrubada do governo.<\/p>\n\n\n\n<p>H\u00e1 menos de duas semanas, o grupo de Lula na dire\u00e7\u00e3o do PT barrou tentativa de correntes minorit\u00e1rias de aprovar o &#8220;Fora Bolsonaro&#8221; como bandeira do partido. At\u00e9 antes do pronunciamento do presidente na TV, l\u00edderes petistas avaliavam que a defesa do impeachment de Bolsonaro poderia ser interpretada como oportunismo pol\u00edtico.<\/p>\n\n\n\n<p>Em suas redes sociais, Lula divulgou a \u00edntegra da conversa com Haddad, mas n\u00e3o deu destaque para a fala sobre o impeachment.<\/p>\n\n\n\n<p>&#8220;O Bolsonaro n\u00e3o est\u00e1 preparado para tocar esse pa\u00eds. Um presidente n\u00e3o \u00e9 obrigado a saber de tudo, mas quando voc\u00ea n\u00e3o sabe, voc\u00ea consulta a sociedade, os especialistas, os governadores. Coisa que em nenhum momento ele fez&#8221;, escreveu o ex-presidente.<\/p>\n","protected":false},"excerpt":{"rendered":"<p>O ex-presidente Luiz In\u00e1cio Lula da Silva disse na quarta-feira (25), durante conversa com o ex-prefeito de S\u00e3o Paulo Fernando Haddad&nbsp;transmitida ao vivo em suas&hellip; <\/p>\n","protected":false},"author":2,"featured_media":160396,"comment_status":"closed","ping_status":"closed","sticky":false,"template":"","format":"standard","meta":{"sfsi_plus_gutenberg_text_before_share":"","sfsi_plus_gutenberg_show_text_before_share":"","sfsi_plus_gutenberg_icon_type":"","sfsi_plus_gutenberg_icon_alignemt":"","sfsi_plus_gutenburg_max_per_row":"","footnotes":""},"categories":[11],"tags":[],"class_list":["post-160395","post","type-post","status-publish","format-standard","has-post-thumbnail","hentry","category-politica"],"_links":{"self":[{"href":"https:\/\/www.caririemacao.com\/1\/wp-json\/wp\/v2\/posts\/160395","targetHints":{"allow":["GET"]}}],"collection":[{"href":"https:\/\/www.caririemacao.com\/1\/wp-json\/wp\/v2\/posts"}],"about":[{"href":"https:\/\/www.caririemacao.com\/1\/wp-json\/wp\/v2\/types\/post"}],"author":[{"embeddable":true,"href":"https:\/\/www.caririemacao.com\/1\/wp-json\/wp\/v2\/users\/2"}],"replies":[{"embeddable":true,"href":"https:\/\/www.caririemacao.com\/1\/wp-json\/wp\/v2\/comments?post=160395"}],"version-history":[{"count":1,"href":"https:\/\/www.caririemacao.com\/1\/wp-json\/wp\/v2\/posts\/160395\/revisions"}],"predecessor-version":[{"id":160397,"href":"https:\/\/www.caririemacao.com\/1\/wp-json\/wp\/v2\/posts\/160395\/revisions\/160397"}],"wp:featuredmedia":[{"embeddable":true,"href":"https:\/\/www.caririemacao.com\/1\/wp-json\/wp\/v2\/media\/160396"}],"wp:attachment":[{"href":"https:\/\/www.caririemacao.com\/1\/wp-json\/wp\/v2\/media?parent=160395"}],"wp:term":[{"taxonomy":"category","embeddable":true,"href":"https:\/\/www.caririemacao.com\/1\/wp-json\/wp\/v2\/categories?post=160395"},{"taxonomy":"post_tag","embeddable":true,"href":"https:\/\/www.caririemacao.com\/1\/wp-json\/wp\/v2\/tags?post=160395"}],"curies":[{"name":"wp","href":"https:\/\/api.w.org\/{rel}","templated":true}]}}