{"id":160398,"date":"2020-03-26T13:09:42","date_gmt":"2020-03-26T16:09:42","guid":{"rendered":"http:\/\/www.caririemacao.com\/1\/?p=160398"},"modified":"2020-03-26T13:09:45","modified_gmt":"2020-03-26T16:09:45","slug":"prefeitura-de-monteiro-e-beneficiada-com-importante-doacao-para-o-combate-ao-covid-19","status":"publish","type":"post","link":"https:\/\/www.caririemacao.com\/1\/2020\/03\/26\/prefeitura-de-monteiro-e-beneficiada-com-importante-doacao-para-o-combate-ao-covid-19\/","title":{"rendered":"Prefeitura de Monteiro \u00e9 beneficiada com importante doa\u00e7\u00e3o para o combate ao Covid-19"},"content":{"rendered":"\n<p>\u201cO que nos move \u00e9 o sentimento de solidariedade!\u201d, foi com esta frase que os empres\u00e1rios Suerda Alves e Hugo Roderick classificaram a a\u00e7\u00e3o que est\u00e1 sendo feita em prol da comunidade atrav\u00e9s da doa\u00e7\u00e3o feita \u00e0 Prefeitura de Monteiro.<\/p>\n\n\n\n<p>A prefeita Anna Lorena, juntamente com os profissionais da sa\u00fade e at\u00e9 mesmo a pr\u00f3pria popula\u00e7\u00e3o v\u00eam passando por um momento delicado devido \u00e0 pandemia que o pa\u00eds enfrenta. Um dos meios de se precaver contra a doen\u00e7a \u00e9 com o uso de m\u00e1scaras, item que no munic\u00edpio de Monteiro j\u00e1 est\u00e1 em falta no mercado h\u00e1 alguns dias.<\/p>\n\n\n\n<p>Diante desse quadro, a gestora municipal apelou para a ajuda dos empres\u00e1rios Suerda e Hugo, da HS Lingerie, que possuem uma f\u00e1brica de roupas \u00edntimas, que prontamente se propuseram a doar m\u00e1scaras para a popula\u00e7\u00e3o que busca os servi\u00e7os nas Unidades de Sa\u00fade.&nbsp;<\/p>\n\n\n\n<p>O an\u00fancio da importante doa\u00e7\u00e3o foi feito pela prefeita Anna Lorena durante um de seus comunicados veiculados nas redes sociais, os quais responde a perguntas da popula\u00e7\u00e3o em tempo real, informa a popula\u00e7\u00e3o sobre o andamento das a\u00e7\u00f5es e discorre sobre as determina\u00e7\u00f5es do enfrentamento ao Covid-19.<\/p>\n\n\n\n<p>\u201cDiante de uma crise dessas propor\u00e7\u00f5es em que n\u00e3o podemos responsabilizar t\u00e3o somente o poder p\u00fablico e somente esperar por ele, buscamos alguma alternativa para contribuir &nbsp;enquanto empresa. Ao tomarmos conhecimento &nbsp;que poder\u00edamos fabricar m\u00e1scaras de prote\u00e7\u00e3o, de pronto come\u00e7amos a produzir, al\u00e9m de contribuir no combate ao COVID-19, contribui tamb\u00e9m na diminui\u00e7\u00e3o dos preju\u00edzos econ\u00f4micos. A solidariedade \u00e9 contagiante, e quanto mais empresas tomarem conhecimento, poder\u00e3o saber que podem tamb\u00e9m contribuir de alguma forma no combate \u00e0 essa pandemia, e sentir o qu\u00e3o \u00e9 gratificante \u00e9 ajudar!\u201d, disse Hugo em entrevista ao setor de comunica\u00e7\u00e3o da Prefeitura de Monteiro.<\/p>\n\n\n\n<p>Para Anna Lorena, esta \u00e9 uma a\u00e7\u00e3o que demonstra que a uni\u00e3o em momentos de crise \u00e9 de fundamental import\u00e2ncia, \u201cSe cada um de n\u00f3s, seja empresa, pessoa f\u00edsica, enfim, realizar uma pequena a\u00e7\u00e3o que seja, o coletivo ganha. Uma a\u00e7\u00e3o como esta \u00e9 de fundamental import\u00e2ncia em um momento como esse. Eu agrade\u00e7o em nome de cada monteirense, a solidariedade e carinho para com todos n\u00f3s. Com ajuda de todos e muita f\u00e9 em Deus, superaremos esta etapa dif\u00edcil\u201d.<\/p>\n\n\n\n<p>Ao todo a HS Lingerie doar\u00e1 7 mil m\u00e1scaras em um ato de solidariedade e amor ao pr\u00f3ximo.<\/p>\n","protected":false},"excerpt":{"rendered":"<p>\u201cO que nos move \u00e9 o sentimento de solidariedade!\u201d, foi com esta frase que os empres\u00e1rios Suerda Alves e Hugo Roderick classificaram a a\u00e7\u00e3o que&hellip; <\/p>\n","protected":false},"author":2,"featured_media":160399,"comment_status":"closed","ping_status":"closed","sticky":false,"template":"","format":"standard","meta":{"sfsi_plus_gutenberg_text_before_share":"","sfsi_plus_gutenberg_show_text_before_share":"","sfsi_plus_gutenberg_icon_type":"","sfsi_plus_gutenberg_icon_alignemt":"","sfsi_plus_gutenburg_max_per_row":"","footnotes":""},"categories":[6],"tags":[],"class_list":["post-160398","post","type-post","status-publish","format-standard","has-post-thumbnail","hentry","category-cidades"],"_links":{"self":[{"href":"https:\/\/www.caririemacao.com\/1\/wp-json\/wp\/v2\/posts\/160398","targetHints":{"allow":["GET"]}}],"collection":[{"href":"https:\/\/www.caririemacao.com\/1\/wp-json\/wp\/v2\/posts"}],"about":[{"href":"https:\/\/www.caririemacao.com\/1\/wp-json\/wp\/v2\/types\/post"}],"author":[{"embeddable":true,"href":"https:\/\/www.caririemacao.com\/1\/wp-json\/wp\/v2\/users\/2"}],"replies":[{"embeddable":true,"href":"https:\/\/www.caririemacao.com\/1\/wp-json\/wp\/v2\/comments?post=160398"}],"version-history":[{"count":1,"href":"https:\/\/www.caririemacao.com\/1\/wp-json\/wp\/v2\/posts\/160398\/revisions"}],"predecessor-version":[{"id":160400,"href":"https:\/\/www.caririemacao.com\/1\/wp-json\/wp\/v2\/posts\/160398\/revisions\/160400"}],"wp:featuredmedia":[{"embeddable":true,"href":"https:\/\/www.caririemacao.com\/1\/wp-json\/wp\/v2\/media\/160399"}],"wp:attachment":[{"href":"https:\/\/www.caririemacao.com\/1\/wp-json\/wp\/v2\/media?parent=160398"}],"wp:term":[{"taxonomy":"category","embeddable":true,"href":"https:\/\/www.caririemacao.com\/1\/wp-json\/wp\/v2\/categories?post=160398"},{"taxonomy":"post_tag","embeddable":true,"href":"https:\/\/www.caririemacao.com\/1\/wp-json\/wp\/v2\/tags?post=160398"}],"curies":[{"name":"wp","href":"https:\/\/api.w.org\/{rel}","templated":true}]}}