{"id":160401,"date":"2020-03-26T13:11:40","date_gmt":"2020-03-26T16:11:40","guid":{"rendered":"http:\/\/www.caririemacao.com\/1\/?p=160401"},"modified":"2020-03-26T13:11:59","modified_gmt":"2020-03-26T16:11:59","slug":"coronavirus-gremio-comeca-a-negociar-reducao-salarial-com-atletas","status":"publish","type":"post","link":"https:\/\/www.caririemacao.com\/1\/2020\/03\/26\/coronavirus-gremio-comeca-a-negociar-reducao-salarial-com-atletas\/","title":{"rendered":"Coronav\u00edrus: Gr\u00eamio come\u00e7a a negociar redu\u00e7\u00e3o salarial com atletas"},"content":{"rendered":"\n<p>O Gr\u00eamio j\u00e1 tem conversa aberta com o elenco principal sobre as pr\u00f3ximas semanas. Segundo apurou a reportagem, representantes do clube est\u00e3o negociando com lideran\u00e7as do grupo de jogadores a possibilidade de antecipa\u00e7\u00e3o das f\u00e9rias por conta da pandemia do novo coronav\u00edrus. O di\u00e1logo corre em paralelo ao movimento de clubes brasileiros.<\/p>\n\n\n\n<p>A ideia do Gr\u00eamio \u00e9 antecipar todo o per\u00edodo de f\u00e9rias para abril, contando com a retomada dos jogos em maio e complemento da temporada em dezembro. De acordo com a proposta, metade do valor referente \u00e0s f\u00e9rias ser\u00e1 pago no pr\u00f3ximo m\u00eas e a outra parte, no final do ano.<\/p>\n\n\n\n<p>A oferta do clube tamb\u00e9m prev\u00ea cen\u00e1rio com redu\u00e7\u00e3o salarial de at\u00e9 50% depois do retorno das f\u00e9rias. E ainda abrange a possibilidade de suspens\u00e3o dos contratos, caso as partidas n\u00e3o sejam retomadas ainda em maio.<\/p>\n\n\n\n<p>A CBF pretende concluir os campeonatos estaduais. N\u00e3o \u00e9 descartada uma mudan\u00e7a na f\u00f3rmula de disputa do Campeonato Brasileiro.<\/p>\n\n\n\n<p>Os jogadores preparam uma contraproposta oficial, mas j\u00e1 informaram o desejo de mudar os termos da proposta.<\/p>\n\n\n\n<p>O elenco principal do Gr\u00eamio foi orientado a permanecer em Porto Alegre, com medidas preventivas contra a pandemia de Covid-19. Na \u00faltima sexta-feira (20), os atletas foram examinados por m\u00e9dicos do clube e receberam dose da vacina contra a gripe.<\/p>\n\n\n\n<p>Na segunda (23), o Gr\u00eamio cancelou a reapresenta\u00e7\u00e3o marcada para ter\u00e7a-feira (24) e anunciou treinos suspensos por tempo indeterminado. \u00c9 neste intervalo que a negocia\u00e7\u00e3o vem ocorrendo.<\/p>\n\n\n\n<p>O contato entre diretoria e jogadores ainda leva em considera\u00e7\u00e3o outros cen\u00e1rios poss\u00edveis, pela incerteza atual do quadro. Com retorno do futebol projetado para maio em vis\u00e3o otimista, a ideia \u00e9 liberar jogadores em abril e esticar a temporada por algumas semanas em dezembro.<\/p>\n","protected":false},"excerpt":{"rendered":"<p>O Gr\u00eamio j\u00e1 tem conversa aberta com o elenco principal sobre as pr\u00f3ximas semanas. Segundo apurou a reportagem, representantes do clube est\u00e3o negociando com lideran\u00e7as&hellip; <\/p>\n","protected":false},"author":2,"featured_media":160402,"comment_status":"closed","ping_status":"closed","sticky":false,"template":"","format":"standard","meta":{"sfsi_plus_gutenberg_text_before_share":"","sfsi_plus_gutenberg_show_text_before_share":"","sfsi_plus_gutenberg_icon_type":"","sfsi_plus_gutenberg_icon_alignemt":"","sfsi_plus_gutenburg_max_per_row":"","footnotes":""},"categories":[13],"tags":[],"class_list":["post-160401","post","type-post","status-publish","format-standard","has-post-thumbnail","hentry","category-esportes"],"_links":{"self":[{"href":"https:\/\/www.caririemacao.com\/1\/wp-json\/wp\/v2\/posts\/160401","targetHints":{"allow":["GET"]}}],"collection":[{"href":"https:\/\/www.caririemacao.com\/1\/wp-json\/wp\/v2\/posts"}],"about":[{"href":"https:\/\/www.caririemacao.com\/1\/wp-json\/wp\/v2\/types\/post"}],"author":[{"embeddable":true,"href":"https:\/\/www.caririemacao.com\/1\/wp-json\/wp\/v2\/users\/2"}],"replies":[{"embeddable":true,"href":"https:\/\/www.caririemacao.com\/1\/wp-json\/wp\/v2\/comments?post=160401"}],"version-history":[{"count":1,"href":"https:\/\/www.caririemacao.com\/1\/wp-json\/wp\/v2\/posts\/160401\/revisions"}],"predecessor-version":[{"id":160403,"href":"https:\/\/www.caririemacao.com\/1\/wp-json\/wp\/v2\/posts\/160401\/revisions\/160403"}],"wp:featuredmedia":[{"embeddable":true,"href":"https:\/\/www.caririemacao.com\/1\/wp-json\/wp\/v2\/media\/160402"}],"wp:attachment":[{"href":"https:\/\/www.caririemacao.com\/1\/wp-json\/wp\/v2\/media?parent=160401"}],"wp:term":[{"taxonomy":"category","embeddable":true,"href":"https:\/\/www.caririemacao.com\/1\/wp-json\/wp\/v2\/categories?post=160401"},{"taxonomy":"post_tag","embeddable":true,"href":"https:\/\/www.caririemacao.com\/1\/wp-json\/wp\/v2\/tags?post=160401"}],"curies":[{"name":"wp","href":"https:\/\/api.w.org\/{rel}","templated":true}]}}