{"id":160404,"date":"2020-03-26T13:14:57","date_gmt":"2020-03-26T16:14:57","guid":{"rendered":"http:\/\/www.caririemacao.com\/1\/?p=160404"},"modified":"2020-03-26T13:15:00","modified_gmt":"2020-03-26T16:15:00","slug":"advogado-pede-prisao-imediata-de-jair-bolsonaro","status":"publish","type":"post","link":"https:\/\/www.caririemacao.com\/1\/2020\/03\/26\/advogado-pede-prisao-imediata-de-jair-bolsonaro\/","title":{"rendered":"Advogado pede pris\u00e3o imediata de Jair Bolsonaro"},"content":{"rendered":"\n<p>Um advogado de S\u00e3o Paulo entrou com uma peti\u00e7\u00e3o no Supremo Tribunal Federal (STF) solicitando a pris\u00e3o imediata do presidente Jair Bolsonaro (sem partido), conforme informa o blog do jornalista Fausto Mac\u00eado do jornal Estad\u00e3o.<\/p>\n\n\n\n<p>De acordo com o advogado Rafael Moya, Bolsonaro praticou \u201ccrime contra a sa\u00fade p\u00fablica\u201d, se referindo ao pronunciamento do presidente em rede nacional na \u00faltima ter\u00e7a-feira (24).<\/p>\n\n\n\n<p>A a\u00e7\u00e3o n\u00e3o deve prosperar, j\u00e1 que o presidente possui imunidade formal, que garante que o ocupante do cargo n\u00e3o seja preso enquanto n\u00e3o houver senten\u00e7a condenat\u00f3ria. A peti\u00e7\u00e3o foi protocolada e agora aguarda para ser distribu\u00edda a um dos ministros.<\/p>\n\n\n\n<p><strong><a href=\"https:\/\/www.maispb.com.br\/wp-content\/uploads\/2020\/03\/peca-1-pet-8746_260320204141.pdf\">Clique aqui e confira a a\u00e7\u00e3o<\/a><\/strong><\/p>\n\n\n\n<p><strong>\u201cOra Excel\u00eancia, o Judici\u00e1rio<\/strong>&nbsp;n\u00e3o pode permitir que o mandat\u00e1rio desrespeite as normas mais comezinhas de sa\u00fade p\u00fablica e jogue a morte milhares ou milh\u00f5es de brasileiros. A sa\u00fade \u00e9 um direito b\u00e1sico do cidad\u00e3o segundo o artigo 6\u00ba da Constitui\u00e7\u00e3o Federal, sendo um dever do Estado segundo artigo 196 da Carta Magna. Al\u00e9m disso o Exmo. Presidente da Rep\u00fablica comete crime de responsabilidade ao atentar contra a seguran\u00e7a interna do Pa\u00eds.\u201d<\/p>\n\n\n\n<p><strong>MaisPB<\/strong><\/p>\n","protected":false},"excerpt":{"rendered":"<p>Um advogado de S\u00e3o Paulo entrou com uma peti\u00e7\u00e3o no Supremo Tribunal Federal (STF) solicitando a pris\u00e3o imediata do presidente Jair Bolsonaro (sem partido), conforme&hellip; <\/p>\n","protected":false},"author":2,"featured_media":111985,"comment_status":"closed","ping_status":"closed","sticky":false,"template":"","format":"standard","meta":{"sfsi_plus_gutenberg_text_before_share":"","sfsi_plus_gutenberg_show_text_before_share":"","sfsi_plus_gutenberg_icon_type":"","sfsi_plus_gutenberg_icon_alignemt":"","sfsi_plus_gutenburg_max_per_row":"","footnotes":""},"categories":[11],"tags":[],"class_list":["post-160404","post","type-post","status-publish","format-standard","has-post-thumbnail","hentry","category-politica"],"_links":{"self":[{"href":"https:\/\/www.caririemacao.com\/1\/wp-json\/wp\/v2\/posts\/160404","targetHints":{"allow":["GET"]}}],"collection":[{"href":"https:\/\/www.caririemacao.com\/1\/wp-json\/wp\/v2\/posts"}],"about":[{"href":"https:\/\/www.caririemacao.com\/1\/wp-json\/wp\/v2\/types\/post"}],"author":[{"embeddable":true,"href":"https:\/\/www.caririemacao.com\/1\/wp-json\/wp\/v2\/users\/2"}],"replies":[{"embeddable":true,"href":"https:\/\/www.caririemacao.com\/1\/wp-json\/wp\/v2\/comments?post=160404"}],"version-history":[{"count":1,"href":"https:\/\/www.caririemacao.com\/1\/wp-json\/wp\/v2\/posts\/160404\/revisions"}],"predecessor-version":[{"id":160405,"href":"https:\/\/www.caririemacao.com\/1\/wp-json\/wp\/v2\/posts\/160404\/revisions\/160405"}],"wp:featuredmedia":[{"embeddable":true,"href":"https:\/\/www.caririemacao.com\/1\/wp-json\/wp\/v2\/media\/111985"}],"wp:attachment":[{"href":"https:\/\/www.caririemacao.com\/1\/wp-json\/wp\/v2\/media?parent=160404"}],"wp:term":[{"taxonomy":"category","embeddable":true,"href":"https:\/\/www.caririemacao.com\/1\/wp-json\/wp\/v2\/categories?post=160404"},{"taxonomy":"post_tag","embeddable":true,"href":"https:\/\/www.caririemacao.com\/1\/wp-json\/wp\/v2\/tags?post=160404"}],"curies":[{"name":"wp","href":"https:\/\/api.w.org\/{rel}","templated":true}]}}