{"id":160410,"date":"2020-03-26T15:04:54","date_gmt":"2020-03-26T18:04:54","guid":{"rendered":"http:\/\/www.caririemacao.com\/1\/?p=160410"},"modified":"2020-03-26T15:04:56","modified_gmt":"2020-03-26T18:04:56","slug":"prorrogado-prazo-de-isencao-de-ipva-na-paraiba-dos-veiculos-de-placas-3-4-e-5","status":"publish","type":"post","link":"https:\/\/www.caririemacao.com\/1\/2020\/03\/26\/prorrogado-prazo-de-isencao-de-ipva-na-paraiba-dos-veiculos-de-placas-3-4-e-5\/","title":{"rendered":"Prorrogado prazo de isen\u00e7\u00e3o de IPVA na Para\u00edba dos ve\u00edculos de placas 3, 4 e 5"},"content":{"rendered":"\n<p><br>ASecretaria de Estado da Fazenda (Sefaz) prorrogou osprazos para apresenta\u00e7\u00e3o de documenta\u00e7\u00e3o para concess\u00e3o de isen\u00e7\u00e3o do IPVA (Imposto sobre Propriedade Veicular e Automotores) das placas 3, 4 e 5, do exerc\u00edcio de 2020, para os contribuintes paraibanos. Essa medida \u00e9 v\u00e1lida apenas aos cidad\u00e3os que solicitaram a isen\u00e7\u00e3o de IPVA de seu ve\u00edculo at\u00e9 o m\u00eas de dezembro do ano passado nas reparti\u00e7\u00f5es fiscais do Estado.<\/p>\n\n\n\n<p>A prorroga\u00e7\u00e3o foi publicada em portaria no Di\u00e1rio Oficial Eletr\u00f4nico (DOE-Sefaz), com base nas disposi\u00e7\u00f5es dos Decretos Estaduais n\u00ba 40.122 e 40.136, de 13 e 22 de mar\u00e7o de 2020, respectivamente, que suspendeu o expediente presencial em todas as unidades de atendimento, reparti\u00e7\u00f5es fiscais, ger\u00eancias e postos fiscais da Sefaz at\u00e9 o dia 3 de abril de 2020.<\/p>\n\n\n\n<p>Ela tamb\u00e9m leva em considera\u00e7\u00e3o o Estado de Emerg\u00eancia em Sa\u00fade P\u00fablica de Import\u00e2ncia Nacional (ESPIN) decretado pelo Minist\u00e9rio da Sa\u00fade por meio da Portaria n\u00ba 188, de 3 de janeiro de 2020, em virtude da dissemina\u00e7\u00e3o global da infec\u00e7\u00e3o humana pelo coronav\u00edrus (Covid-19).<\/p>\n\n\n\n<figure class=\"wp-block-image\"><img decoding=\"async\" data-src=\"https:\/\/paraibaonline.com.br\/wp-content\/uploads\/2017\/07\/ipva.jpg\" alt=\"Foto: Ascom\" class=\"wp-image-161786 lazyload\" src=\"data:image\/svg+xml;base64,PHN2ZyB3aWR0aD0iMSIgaGVpZ2h0PSIxIiB4bWxucz0iaHR0cDovL3d3dy53My5vcmcvMjAwMC9zdmciPjwvc3ZnPg==\" \/><\/figure>\n\n\n\n<p>Foto: Ascom<\/p>\n\n\n\n<p>Segundo a portaria da Sefaz, a placa dos ve\u00edculos com final 3 das pessoas que solicitaram isen\u00e7\u00e3o do IPVA ter\u00e1 prazo agora at\u00e9 o dia 30 de junho. O prazo anterior era 31 de mar\u00e7o. Para a placa com final 4, o prazo foi estendido para o dia 31 de julho. O prazo anterior era 30 de abril. Enquanto a placa com final 5, as pessoas ter\u00e3o agora at\u00e9 o dia 31 de agosto.<\/p>\n\n\n\n<p>Para usufruir da isen\u00e7\u00e3o do IPVA do exerc\u00edcio 2020, a Sefaz reitera que \u00e9 necess\u00e1rio que o pedido da isen\u00e7\u00e3o tenha sido protocolizado at\u00e9 o dia 31 de dezembro de 2019 nas reparti\u00e7\u00f5es fiscais.<\/p>\n","protected":false},"excerpt":{"rendered":"<p>ASecretaria de Estado da Fazenda (Sefaz) prorrogou osprazos para apresenta\u00e7\u00e3o de documenta\u00e7\u00e3o para concess\u00e3o de isen\u00e7\u00e3o do IPVA (Imposto sobre Propriedade Veicular e Automotores) das&hellip; <\/p>\n","protected":false},"author":2,"featured_media":121835,"comment_status":"closed","ping_status":"closed","sticky":false,"template":"","format":"standard","meta":{"sfsi_plus_gutenberg_text_before_share":"","sfsi_plus_gutenberg_show_text_before_share":"","sfsi_plus_gutenberg_icon_type":"","sfsi_plus_gutenberg_icon_alignemt":"","sfsi_plus_gutenburg_max_per_row":"","footnotes":""},"categories":[2],"tags":[],"class_list":["post-160410","post","type-post","status-publish","format-standard","has-post-thumbnail","hentry","category-geral"],"_links":{"self":[{"href":"https:\/\/www.caririemacao.com\/1\/wp-json\/wp\/v2\/posts\/160410","targetHints":{"allow":["GET"]}}],"collection":[{"href":"https:\/\/www.caririemacao.com\/1\/wp-json\/wp\/v2\/posts"}],"about":[{"href":"https:\/\/www.caririemacao.com\/1\/wp-json\/wp\/v2\/types\/post"}],"author":[{"embeddable":true,"href":"https:\/\/www.caririemacao.com\/1\/wp-json\/wp\/v2\/users\/2"}],"replies":[{"embeddable":true,"href":"https:\/\/www.caririemacao.com\/1\/wp-json\/wp\/v2\/comments?post=160410"}],"version-history":[{"count":1,"href":"https:\/\/www.caririemacao.com\/1\/wp-json\/wp\/v2\/posts\/160410\/revisions"}],"predecessor-version":[{"id":160411,"href":"https:\/\/www.caririemacao.com\/1\/wp-json\/wp\/v2\/posts\/160410\/revisions\/160411"}],"wp:featuredmedia":[{"embeddable":true,"href":"https:\/\/www.caririemacao.com\/1\/wp-json\/wp\/v2\/media\/121835"}],"wp:attachment":[{"href":"https:\/\/www.caririemacao.com\/1\/wp-json\/wp\/v2\/media?parent=160410"}],"wp:term":[{"taxonomy":"category","embeddable":true,"href":"https:\/\/www.caririemacao.com\/1\/wp-json\/wp\/v2\/categories?post=160410"},{"taxonomy":"post_tag","embeddable":true,"href":"https:\/\/www.caririemacao.com\/1\/wp-json\/wp\/v2\/tags?post=160410"}],"curies":[{"name":"wp","href":"https:\/\/api.w.org\/{rel}","templated":true}]}}