{"id":160413,"date":"2020-03-26T15:08:05","date_gmt":"2020-03-26T18:08:05","guid":{"rendered":"http:\/\/www.caririemacao.com\/1\/?p=160413"},"modified":"2020-03-26T15:08:07","modified_gmt":"2020-03-26T18:08:07","slug":"joao-azevedo-sanciona-lei-parceiros-da-habitacao-que-recebera-r-15-milhoes-para-construcao-de-casas-a-pessoas-de-baixa-renda","status":"publish","type":"post","link":"https:\/\/www.caririemacao.com\/1\/2020\/03\/26\/joao-azevedo-sanciona-lei-parceiros-da-habitacao-que-recebera-r-15-milhoes-para-construcao-de-casas-a-pessoas-de-baixa-renda\/","title":{"rendered":"Jo\u00e3o Azev\u00eado sanciona lei &#8216;Parceiros da Habita\u00e7\u00e3o&#8217; que receber\u00e1 R$ 15 milh\u00f5es para constru\u00e7\u00e3o de casas a pessoas de baixa renda"},"content":{"rendered":"\n<p>Foi publicada&nbsp;no Di\u00e1rio Oficial desta quinta-feira (26) a lei 11.661, sancionada pelo&nbsp;governador Jo\u00e3o Azev\u00eado,&nbsp;que institui o novo programa de habita\u00e7\u00e3o popular do Estado da Para\u00edba \u2013&nbsp;\u2018Parceiros da Habita\u00e7\u00e3o\u2019, destinado a atender, prioritariamente, \u00e0s fam\u00edlias com renda de at\u00e9 tr\u00eas sal\u00e1rios m\u00ednimos.&nbsp;<\/p>\n\n\n\n<p>A lei, que receber\u00e1 investimentos de R$ 15 milh\u00f5es da gest\u00e3o estadual, tem o objetivo de promover a constru\u00e7\u00e3o de mil unidades habitacionais para a popula\u00e7\u00e3o de baixa renda, por meio de parcerias com munic\u00edpios, movimentos de moradia, entidades p\u00fablicas ou privadas e mutu\u00e1rios.&nbsp;<\/p>\n\n\n\n<p>A lei, de autoria do Poder Executivo,&nbsp;j\u00e1 foi&nbsp;aprovada pela Assembleia Legislativa.<\/p>\n\n\n\n<p>As casas&nbsp;ser\u00e3o constru\u00eddas no padr\u00e3o de 42,2m\u00b2, tanto na modalidade conjunto, quanto isolada, sendo compostas por dois quartos, sala, cozinha, \u00e1rea de servi\u00e7o e banheiro, atendendo fam\u00edlias com renda de at\u00e9 tr\u00eas sal\u00e1rios m\u00ednimos.&nbsp;<br><\/p>\n\n\n\n<p>As etapas do programa compreendem a an\u00e1lise da proposta e apresenta\u00e7\u00e3o de documentos t\u00e9cnicos, sociais e jur\u00eddicos para a elabora\u00e7\u00e3o do cronograma de obra, sele\u00e7\u00e3o de benefici\u00e1rios e assinatura do termo de coopera\u00e7\u00e3o e compromisso.<\/p>\n\n\n\n<figure class=\"wp-block-image\"><img decoding=\"async\" data-src=\"https:\/\/www.clickpb.com.br\/media\/filer_public\/0b\/08\/0b088e0b-536d-4395-9dd8-a7ab48723583\/sem_titulo.jpg\" alt=\"\" src=\"data:image\/svg+xml;base64,PHN2ZyB3aWR0aD0iMSIgaGVpZ2h0PSIxIiB4bWxucz0iaHR0cDovL3d3dy53My5vcmcvMjAwMC9zdmciPjwvc3ZnPg==\" class=\"lazyload\" \/><\/figure>\n","protected":false},"excerpt":{"rendered":"<p>Foi publicada&nbsp;no Di\u00e1rio Oficial desta quinta-feira (26) a lei 11.661, sancionada pelo&nbsp;governador Jo\u00e3o Azev\u00eado,&nbsp;que institui o novo programa de habita\u00e7\u00e3o popular do Estado da Para\u00edba&hellip; <\/p>\n","protected":false},"author":2,"featured_media":156845,"comment_status":"closed","ping_status":"closed","sticky":false,"template":"","format":"standard","meta":{"sfsi_plus_gutenberg_text_before_share":"","sfsi_plus_gutenberg_show_text_before_share":"","sfsi_plus_gutenberg_icon_type":"","sfsi_plus_gutenberg_icon_alignemt":"","sfsi_plus_gutenburg_max_per_row":"","footnotes":""},"categories":[11],"tags":[],"class_list":["post-160413","post","type-post","status-publish","format-standard","has-post-thumbnail","hentry","category-politica"],"_links":{"self":[{"href":"https:\/\/www.caririemacao.com\/1\/wp-json\/wp\/v2\/posts\/160413","targetHints":{"allow":["GET"]}}],"collection":[{"href":"https:\/\/www.caririemacao.com\/1\/wp-json\/wp\/v2\/posts"}],"about":[{"href":"https:\/\/www.caririemacao.com\/1\/wp-json\/wp\/v2\/types\/post"}],"author":[{"embeddable":true,"href":"https:\/\/www.caririemacao.com\/1\/wp-json\/wp\/v2\/users\/2"}],"replies":[{"embeddable":true,"href":"https:\/\/www.caririemacao.com\/1\/wp-json\/wp\/v2\/comments?post=160413"}],"version-history":[{"count":1,"href":"https:\/\/www.caririemacao.com\/1\/wp-json\/wp\/v2\/posts\/160413\/revisions"}],"predecessor-version":[{"id":160414,"href":"https:\/\/www.caririemacao.com\/1\/wp-json\/wp\/v2\/posts\/160413\/revisions\/160414"}],"wp:featuredmedia":[{"embeddable":true,"href":"https:\/\/www.caririemacao.com\/1\/wp-json\/wp\/v2\/media\/156845"}],"wp:attachment":[{"href":"https:\/\/www.caririemacao.com\/1\/wp-json\/wp\/v2\/media?parent=160413"}],"wp:term":[{"taxonomy":"category","embeddable":true,"href":"https:\/\/www.caririemacao.com\/1\/wp-json\/wp\/v2\/categories?post=160413"},{"taxonomy":"post_tag","embeddable":true,"href":"https:\/\/www.caririemacao.com\/1\/wp-json\/wp\/v2\/tags?post=160413"}],"curies":[{"name":"wp","href":"https:\/\/api.w.org\/{rel}","templated":true}]}}