{"id":160417,"date":"2020-03-26T15:09:25","date_gmt":"2020-03-26T18:09:25","guid":{"rendered":"http:\/\/www.caririemacao.com\/1\/?p=160417"},"modified":"2020-03-26T15:09:27","modified_gmt":"2020-03-26T18:09:27","slug":"servidores-estaduais-da-paraiba-recebem-salarios-na-segunda-e-terca-feira","status":"publish","type":"post","link":"https:\/\/www.caririemacao.com\/1\/2020\/03\/26\/servidores-estaduais-da-paraiba-recebem-salarios-na-segunda-e-terca-feira\/","title":{"rendered":"Servidores estaduais da Para\u00edba recebem sal\u00e1rios na segunda e ter\u00e7a-feira"},"content":{"rendered":"\n<p>Os sal\u00e1rios de mar\u00e7o dos servidores estaduais ser\u00e3o pagos nos dias 30 e 31 deste m\u00eas. A informa\u00e7\u00e3o foi divulgada nesta quinta-feira (26) pelo Governo do Estado.<\/p>\n\n\n\n<p>Na segunda-feira (30), recebem aposentados e pensionistas. Na ter\u00e7a-feira (31), ser\u00e1 efetuado o pagamento dos servidores da ativa, incluindo administra\u00e7\u00e3o direta e indireta.<\/p>\n","protected":false},"excerpt":{"rendered":"<p>Os sal\u00e1rios de mar\u00e7o dos servidores estaduais ser\u00e3o pagos nos dias 30 e 31 deste m\u00eas. A informa\u00e7\u00e3o foi divulgada nesta quinta-feira (26) pelo Governo&hellip; <\/p>\n","protected":false},"author":2,"featured_media":30877,"comment_status":"closed","ping_status":"closed","sticky":false,"template":"","format":"standard","meta":{"sfsi_plus_gutenberg_text_before_share":"","sfsi_plus_gutenberg_show_text_before_share":"","sfsi_plus_gutenberg_icon_type":"","sfsi_plus_gutenberg_icon_alignemt":"","sfsi_plus_gutenburg_max_per_row":"","footnotes":""},"categories":[2],"tags":[],"class_list":["post-160417","post","type-post","status-publish","format-standard","has-post-thumbnail","hentry","category-geral"],"_links":{"self":[{"href":"https:\/\/www.caririemacao.com\/1\/wp-json\/wp\/v2\/posts\/160417","targetHints":{"allow":["GET"]}}],"collection":[{"href":"https:\/\/www.caririemacao.com\/1\/wp-json\/wp\/v2\/posts"}],"about":[{"href":"https:\/\/www.caririemacao.com\/1\/wp-json\/wp\/v2\/types\/post"}],"author":[{"embeddable":true,"href":"https:\/\/www.caririemacao.com\/1\/wp-json\/wp\/v2\/users\/2"}],"replies":[{"embeddable":true,"href":"https:\/\/www.caririemacao.com\/1\/wp-json\/wp\/v2\/comments?post=160417"}],"version-history":[{"count":1,"href":"https:\/\/www.caririemacao.com\/1\/wp-json\/wp\/v2\/posts\/160417\/revisions"}],"predecessor-version":[{"id":160418,"href":"https:\/\/www.caririemacao.com\/1\/wp-json\/wp\/v2\/posts\/160417\/revisions\/160418"}],"wp:featuredmedia":[{"embeddable":true,"href":"https:\/\/www.caririemacao.com\/1\/wp-json\/wp\/v2\/media\/30877"}],"wp:attachment":[{"href":"https:\/\/www.caririemacao.com\/1\/wp-json\/wp\/v2\/media?parent=160417"}],"wp:term":[{"taxonomy":"category","embeddable":true,"href":"https:\/\/www.caririemacao.com\/1\/wp-json\/wp\/v2\/categories?post=160417"},{"taxonomy":"post_tag","embeddable":true,"href":"https:\/\/www.caririemacao.com\/1\/wp-json\/wp\/v2\/tags?post=160417"}],"curies":[{"name":"wp","href":"https:\/\/api.w.org\/{rel}","templated":true}]}}