{"id":160419,"date":"2020-03-26T15:11:45","date_gmt":"2020-03-26T18:11:45","guid":{"rendered":"http:\/\/www.caririemacao.com\/1\/?p=160419"},"modified":"2020-03-26T15:11:46","modified_gmt":"2020-03-26T18:11:46","slug":"bolsonaro-revela-preferencia-a-jornalistas-durante-saida-do-alvorada-eu-estou-assistindo-o-sikera-aqui-ta-ok","status":"publish","type":"post","link":"https:\/\/www.caririemacao.com\/1\/2020\/03\/26\/bolsonaro-revela-preferencia-a-jornalistas-durante-saida-do-alvorada-eu-estou-assistindo-o-sikera-aqui-ta-ok\/","title":{"rendered":"Bolsonaro revela prefer\u00eancia a jornalistas durante sa\u00edda do Alvorada: &#8216;eu estou assistindo o Sik\u00eara aqui, t\u00e1 ok?&#8217;"},"content":{"rendered":"\n<p>O presidente Jair Bolsonaro revelou, na manh\u00e3 desta quinta-feira (26), durante sa\u00edda do Pal\u00e1cio da&nbsp;Alvorada sua prefer\u00eancia aos jornalistas que estavam aguardando o presidente.&nbsp;Na ocasi\u00e3o, o presidente aproveitou para conversar com seus apoiadores.&nbsp;<\/p>\n\n\n\n<p>\u201cEu estou assistindo o Sik\u00eara aqui, t\u00e1 ok?\u201d, disse o presidente, ap\u00f3s questionar a presen\u00e7a dos jornalistas que segundo ele criticaram a sua decis\u00e3o de reabrir os com\u00e9rcios e escolas no pa\u00eds.&nbsp;<\/p>\n\n\n\n<p>Sik\u00eara J\u00fanior \u00e9 o apresentador do Alerta Nacional, na Rede TV. O apresentador j\u00e1 esteve a frente do Cidade em A\u00e7\u00e3o da TV Arapuan, na Para\u00edba.&nbsp;<\/p>\n\n\n\n<figure><iframe data-src=\"https:\/\/www.youtube.com\/embed\/diLBeETRmiM\" allowfullscreen=\"\" src=\"data:image\/svg+xml;base64,PHN2ZyB3aWR0aD0iMSIgaGVpZ2h0PSIxIiB4bWxucz0iaHR0cDovL3d3dy53My5vcmcvMjAwMC9zdmciPjwvc3ZnPg==\" class=\"lazyload\" data-load-mode=\"1\"><\/iframe><\/figure>\n","protected":false},"excerpt":{"rendered":"<p>O presidente Jair Bolsonaro revelou, na manh\u00e3 desta quinta-feira (26), durante sa\u00edda do Pal\u00e1cio da&nbsp;Alvorada sua prefer\u00eancia aos jornalistas que estavam aguardando o presidente.&nbsp;Na ocasi\u00e3o,&hellip; <\/p>\n","protected":false},"author":2,"featured_media":150124,"comment_status":"closed","ping_status":"closed","sticky":false,"template":"","format":"standard","meta":{"sfsi_plus_gutenberg_text_before_share":"","sfsi_plus_gutenberg_show_text_before_share":"","sfsi_plus_gutenberg_icon_type":"","sfsi_plus_gutenberg_icon_alignemt":"","sfsi_plus_gutenburg_max_per_row":"","footnotes":""},"categories":[11],"tags":[],"class_list":["post-160419","post","type-post","status-publish","format-standard","has-post-thumbnail","hentry","category-politica"],"_links":{"self":[{"href":"https:\/\/www.caririemacao.com\/1\/wp-json\/wp\/v2\/posts\/160419","targetHints":{"allow":["GET"]}}],"collection":[{"href":"https:\/\/www.caririemacao.com\/1\/wp-json\/wp\/v2\/posts"}],"about":[{"href":"https:\/\/www.caririemacao.com\/1\/wp-json\/wp\/v2\/types\/post"}],"author":[{"embeddable":true,"href":"https:\/\/www.caririemacao.com\/1\/wp-json\/wp\/v2\/users\/2"}],"replies":[{"embeddable":true,"href":"https:\/\/www.caririemacao.com\/1\/wp-json\/wp\/v2\/comments?post=160419"}],"version-history":[{"count":1,"href":"https:\/\/www.caririemacao.com\/1\/wp-json\/wp\/v2\/posts\/160419\/revisions"}],"predecessor-version":[{"id":160420,"href":"https:\/\/www.caririemacao.com\/1\/wp-json\/wp\/v2\/posts\/160419\/revisions\/160420"}],"wp:featuredmedia":[{"embeddable":true,"href":"https:\/\/www.caririemacao.com\/1\/wp-json\/wp\/v2\/media\/150124"}],"wp:attachment":[{"href":"https:\/\/www.caririemacao.com\/1\/wp-json\/wp\/v2\/media?parent=160419"}],"wp:term":[{"taxonomy":"category","embeddable":true,"href":"https:\/\/www.caririemacao.com\/1\/wp-json\/wp\/v2\/categories?post=160419"},{"taxonomy":"post_tag","embeddable":true,"href":"https:\/\/www.caririemacao.com\/1\/wp-json\/wp\/v2\/tags?post=160419"}],"curies":[{"name":"wp","href":"https:\/\/api.w.org\/{rel}","templated":true}]}}