{"id":160427,"date":"2020-03-27T06:26:59","date_gmt":"2020-03-27T09:26:59","guid":{"rendered":"http:\/\/www.caririemacao.com\/1\/?p=160427"},"modified":"2020-03-27T06:27:00","modified_gmt":"2020-03-27T09:27:00","slug":"mais-um-caso-de-covid-19-e-confirmado-na-paraiba","status":"publish","type":"post","link":"https:\/\/www.caririemacao.com\/1\/2020\/03\/27\/mais-um-caso-de-covid-19-e-confirmado-na-paraiba\/","title":{"rendered":"Mais um caso de Covid-19 \u00e9 confirmado na Para\u00edba"},"content":{"rendered":"\n<p>O Governo da Para\u00edba, atrav\u00e9s da Secretaria de Estado da Sa\u00fade, informou que mais um caso de Covid-19, doen\u00e7a provocada pelo novo coronav\u00edrus, foi confirmado nesta quinta-feira, 26.<\/p>\n\n\n\n<p>Trata-se de um homem de 34 anos, residente em Jo\u00e3o Pessoa. O paciente segue em isolamento domiciliar acompanhado pela vigil\u00e2ncia municipal.<\/p>\n\n\n\n<p>Com o boletim atualizado, o total de casos da doen\u00e7a no Estado sobre para seis (06). Os casos descartados somam 227 e nenhum \u00f3bito foi confirmado.<\/p>\n\n\n\n<p>Interna\u00e7\u00e3o<\/p>\n\n\n\n<p>At\u00e9 \u00e0s 17h&nbsp; de hoje, a Para\u00edba possu\u00eda 33 pacientes internados, sendo 21 em leitos de interna\u00e7\u00e3o regular (nos munic\u00edpios de Cajazeiras, Campina Grande e Jo\u00e3o Pessoa) e um deles com diagn\u00f3stico laboratorial confirmado para COVID-19; 12 em UTI (nos munic\u00edpios de Sousa, Patos, Cajazeiras, Pianc\u00f3 e Jo\u00e3o Pessoa), e seis destes pacientes graves est\u00e3o em hospitais privados na Capital.<br><\/p>\n","protected":false},"excerpt":{"rendered":"<p>O Governo da Para\u00edba, atrav\u00e9s da Secretaria de Estado da Sa\u00fade, informou que mais um caso de Covid-19, doen\u00e7a provocada pelo novo coronav\u00edrus, foi confirmado&hellip; <\/p>\n","protected":false},"author":2,"featured_media":160428,"comment_status":"closed","ping_status":"closed","sticky":false,"template":"","format":"standard","meta":{"sfsi_plus_gutenberg_text_before_share":"","sfsi_plus_gutenberg_show_text_before_share":"","sfsi_plus_gutenberg_icon_type":"","sfsi_plus_gutenberg_icon_alignemt":"","sfsi_plus_gutenburg_max_per_row":"","footnotes":""},"categories":[50,16],"tags":[],"class_list":["post-160427","post","type-post","status-publish","format-standard","has-post-thumbnail","hentry","category-destaque","category-saude"],"_links":{"self":[{"href":"https:\/\/www.caririemacao.com\/1\/wp-json\/wp\/v2\/posts\/160427","targetHints":{"allow":["GET"]}}],"collection":[{"href":"https:\/\/www.caririemacao.com\/1\/wp-json\/wp\/v2\/posts"}],"about":[{"href":"https:\/\/www.caririemacao.com\/1\/wp-json\/wp\/v2\/types\/post"}],"author":[{"embeddable":true,"href":"https:\/\/www.caririemacao.com\/1\/wp-json\/wp\/v2\/users\/2"}],"replies":[{"embeddable":true,"href":"https:\/\/www.caririemacao.com\/1\/wp-json\/wp\/v2\/comments?post=160427"}],"version-history":[{"count":1,"href":"https:\/\/www.caririemacao.com\/1\/wp-json\/wp\/v2\/posts\/160427\/revisions"}],"predecessor-version":[{"id":160429,"href":"https:\/\/www.caririemacao.com\/1\/wp-json\/wp\/v2\/posts\/160427\/revisions\/160429"}],"wp:featuredmedia":[{"embeddable":true,"href":"https:\/\/www.caririemacao.com\/1\/wp-json\/wp\/v2\/media\/160428"}],"wp:attachment":[{"href":"https:\/\/www.caririemacao.com\/1\/wp-json\/wp\/v2\/media?parent=160427"}],"wp:term":[{"taxonomy":"category","embeddable":true,"href":"https:\/\/www.caririemacao.com\/1\/wp-json\/wp\/v2\/categories?post=160427"},{"taxonomy":"post_tag","embeddable":true,"href":"https:\/\/www.caririemacao.com\/1\/wp-json\/wp\/v2\/tags?post=160427"}],"curies":[{"name":"wp","href":"https:\/\/api.w.org\/{rel}","templated":true}]}}