{"id":160431,"date":"2020-03-27T06:28:26","date_gmt":"2020-03-27T09:28:26","guid":{"rendered":"http:\/\/www.caririemacao.com\/1\/?p=160431"},"modified":"2020-03-27T06:28:27","modified_gmt":"2020-03-27T09:28:27","slug":"ex-presidente-da-camara-federal-esta-fora-das-grades-por-conta-do-coronavirus","status":"publish","type":"post","link":"https:\/\/www.caririemacao.com\/1\/2020\/03\/27\/ex-presidente-da-camara-federal-esta-fora-das-grades-por-conta-do-coronavirus\/","title":{"rendered":"Ex-presidente da C\u00e2mara Federal est\u00e1 fora das grades por conta do coronav\u00edrus"},"content":{"rendered":"\n<p>Dois dos principais presos da Lava Jato, o ex-deputado Eduardo Cunha e o doleiro Dario Messer, conseguiram nesta quinta (26) decis\u00f5es autorizando a ida para pris\u00e3o domiciliar em decorr\u00eancia dos riscos da pandemia do novo coronav\u00edrus.<\/p>\n\n\n\n<p>A Justi\u00e7a Federal do Paran\u00e1 determinou Cunha, condenado em processos da opera\u00e7\u00e3o, passe a ficar detido em casa com uso de tornozeleira eletr\u00f4nica.<\/p>\n\n\n\n<p>A decis\u00e3o da ju\u00edza Gabriela Hardt, da 13\u00aa Vara Federal de Curitiba, detalha que Cunha est\u00e1 internado em um hospital particular no Rio por conta de uma cirurgia de urg\u00eancia realizada no dia 20 de mar\u00e7o.<\/p>\n\n\n\n<p>A defesa de Cunha apontou que o m\u00e9dico que fez a cirurgia no ex-deputado foi diagnosticado com a Covid-19 e que, por isso, o pol\u00edtico tamb\u00e9m foi submetido ao teste. O resultado deve sair em dois dias, como narrou a ju\u00edza na decis\u00e3o, mas, mesmo que aponte negativo para o v\u00edrus, deve ser refeito em sete dias, o que justifica a continuidade do internamento dele.<\/p>\n\n\n\n<p>Hardt considerou que a situa\u00e7\u00e3o \u00e9 \u201cexcepcional\u201d e que Cunha est\u00e1 em \u201cvulner\u00e1vel risco de contamina\u00e7\u00e3o\u201d, j\u00e1 que possui 61 anos e encontra-se em \u201cfr\u00e1gil estado de sa\u00fade\u201d.<\/p>\n\n\n\n<p>O ex-deputado, um dos principais respons\u00e1veis pelo impeachment da ex-presidente Dilma Rousseff em 2016, estava detido em regime fechado desde outubro de 2016.<\/p>\n\n\n\n<p>Messer, 61, \u00e9 hipertenso e esteve internado entre 18 e 20 de mar\u00e7o -quando a epidemia j\u00e1 havia chegado ao pa\u00eds- para a retirada de les\u00f5es cut\u00e2neas compat\u00edveis com melanoma maligno.<\/p>\n\n\n\n<p>O doleiro foi preso em julho do ano passado ap\u00f3s ficar mais de um ano foragido da pol\u00edcia. Acusado de ser o mentor de um esquema de evas\u00e3o de divisas e lavagem de dinheiro que movimentou mais de R$ 5 bilh\u00f5es entre 2011 e 2017, ele foi detido nos Jardins (zona oeste de S\u00e3o Paulo), de acordo com a Pol\u00edcia Federal.<\/p>\n\n\n\n<p>Bretas escreveu em sua decis\u00e3o que a pris\u00e3o domiciliar pode ser revogada ao fim da pandemia.<\/p>\n\n\n\n<p>\u201cDestaco, por\u00e9m, que n\u00e3o h\u00e1 mudan\u00e7a de entendimento desse ju\u00edzo quanto \u00e0 necessidade da segrega\u00e7\u00e3o cautelar do investigado, mas t\u00e3o somente adequa\u00e7\u00e3o \u00e0s peculiaridades do presente momento em que o pa\u00eds se encontra. Trata-se, portanto, de medida de car\u00e1ter extraprocessual, de natureza humanit\u00e1ria, que pode ser revista t\u00e3o logo cessem os motivos excepcionais e emergenciais\u201d, escreveu o magistrado.<\/p>\n\n\n\n<p>Alvo de investiga\u00e7\u00f5es desde a d\u00e9cada passada, ainda no caso Banestado, Messer ganhou o apelido de \u201cdoleiro dos doleiros\u201d. Foi delatado na Lava Jato do Rio pela dupla Vinicius Claret e Cl\u00e1udio Barboza, que tinha sido detida no Uruguai em 2017 e mais tarde se tornou colaboradora da Justi\u00e7a.<\/p>\n\n\n\n<p>Os dois eram funcion\u00e1rios de Messer e operaram um sistema de d\u00f3lar-cabo que movimentou cerca de US$ 1,6 bilh\u00e3o (o equivalente a cerca de R$ 5,3 bilh\u00f5es) envolvendo mais de 3.000 offshores em 52 pa\u00edses.<\/p>\n\n\n\n<p>Mais de 50 doleiros usavam o esquema montado por Messer para atender seus clientes no Brasil e no exterior. A estrutura dele era uma das poucas que conseguia operar as duas pontas do d\u00f3lar-cabo: ao mesmo tempo, oferecer dinheiro vivo no pa\u00eds e ter caixa dispon\u00edvel em contas no exterior, em para\u00edsos fiscais.<\/p>\n\n\n\n<p>Segundo as investiga\u00e7 \u00f5es, Messer era o lastro financeiro da dupla, bem como o respons\u00e1vel por avalizar a confian\u00e7a dos dois em sua rede de contatos no pa\u00eds e no exterior. Claret e Barboza operavam o sistema -os dois atualmente ensinam suas t\u00e9cnicas a procuradores federais, como parte do acordo de dela\u00e7\u00e3o.<\/p>\n\n\n\n<p>Dario Messer tamb\u00e9m \u00e9 apontado como o controlador do banco Evergreen (EVG) em Ant\u00edgua e Barbuda, no Caribe. Uma lista de mais de 400 clientes est\u00e1 nas m\u00e3os do<br>Minist\u00e9rio P\u00fablico Federal para apurar quais casos envolvem crime -o banco misturava neg\u00f3cios legais e ilegais.<\/p>\n\n\n\n<p>A atua\u00e7\u00e3o da fam\u00edlia Messer no c\u00e2mbio ilegal remonta \u00e0 d\u00e9cada de 1980, pelas m\u00e3os do patriarca Mordko Messer, esp\u00e9cie de mentor do esquema mantido por Dario, Claret e Barboza.<\/p>\n\n\n\n<p>As amizades do \u201cdoleiro dos doleiros\u201d v\u00e3o desde o ex-atacante de futebol Ronaldo Fen\u00f4meno at\u00e9 o ex-presidente do Paraguai Horacio Cartes, que o chamou de \u201cirm\u00e3o de alma\u201d. O paraguaio foi socorrido pelo patriarca Mordko numa fase de dificuldades financeiras.<\/p>\n\n\n\n<p>Dario Messer chegou a ensaiar uma dela\u00e7\u00e3o premiada com procuradores federais entre 2017 e 2018. As negocia\u00e7\u00f5es foram interrompidas quando uma escuta telef\u00f4nica flagrou um operador financeiro comentando, 20 dias antes da Opera\u00e7\u00e3o C\u00e2mbio, Desligo, a imin\u00eancia da pris\u00e3o do doleiro.<\/p>\n","protected":false},"excerpt":{"rendered":"<p>Dois dos principais presos da Lava Jato, o ex-deputado Eduardo Cunha e o doleiro Dario Messer, conseguiram nesta quinta (26) decis\u00f5es autorizando a ida para&hellip; <\/p>\n","protected":false},"author":2,"featured_media":1237,"comment_status":"closed","ping_status":"closed","sticky":false,"template":"","format":"standard","meta":{"sfsi_plus_gutenberg_text_before_share":"","sfsi_plus_gutenberg_show_text_before_share":"","sfsi_plus_gutenberg_icon_type":"","sfsi_plus_gutenberg_icon_alignemt":"","sfsi_plus_gutenburg_max_per_row":"","footnotes":""},"categories":[11],"tags":[],"class_list":["post-160431","post","type-post","status-publish","format-standard","has-post-thumbnail","hentry","category-politica"],"_links":{"self":[{"href":"https:\/\/www.caririemacao.com\/1\/wp-json\/wp\/v2\/posts\/160431","targetHints":{"allow":["GET"]}}],"collection":[{"href":"https:\/\/www.caririemacao.com\/1\/wp-json\/wp\/v2\/posts"}],"about":[{"href":"https:\/\/www.caririemacao.com\/1\/wp-json\/wp\/v2\/types\/post"}],"author":[{"embeddable":true,"href":"https:\/\/www.caririemacao.com\/1\/wp-json\/wp\/v2\/users\/2"}],"replies":[{"embeddable":true,"href":"https:\/\/www.caririemacao.com\/1\/wp-json\/wp\/v2\/comments?post=160431"}],"version-history":[{"count":1,"href":"https:\/\/www.caririemacao.com\/1\/wp-json\/wp\/v2\/posts\/160431\/revisions"}],"predecessor-version":[{"id":160432,"href":"https:\/\/www.caririemacao.com\/1\/wp-json\/wp\/v2\/posts\/160431\/revisions\/160432"}],"wp:featuredmedia":[{"embeddable":true,"href":"https:\/\/www.caririemacao.com\/1\/wp-json\/wp\/v2\/media\/1237"}],"wp:attachment":[{"href":"https:\/\/www.caririemacao.com\/1\/wp-json\/wp\/v2\/media?parent=160431"}],"wp:term":[{"taxonomy":"category","embeddable":true,"href":"https:\/\/www.caririemacao.com\/1\/wp-json\/wp\/v2\/categories?post=160431"},{"taxonomy":"post_tag","embeddable":true,"href":"https:\/\/www.caririemacao.com\/1\/wp-json\/wp\/v2\/tags?post=160431"}],"curies":[{"name":"wp","href":"https:\/\/api.w.org\/{rel}","templated":true}]}}