{"id":160436,"date":"2020-03-27T06:30:20","date_gmt":"2020-03-27T09:30:20","guid":{"rendered":"http:\/\/www.caririemacao.com\/1\/?p=160436"},"modified":"2020-03-27T06:30:21","modified_gmt":"2020-03-27T09:30:21","slug":"ministro-do-stf-autoriza-pb-a-usar-parcelas-da-divida-com-uniao-contra-coronavirus","status":"publish","type":"post","link":"https:\/\/www.caririemacao.com\/1\/2020\/03\/27\/ministro-do-stf-autoriza-pb-a-usar-parcelas-da-divida-com-uniao-contra-coronavirus\/","title":{"rendered":"Ministro do STF autoriza PB a usar parcelas da d\u00edvida com Uni\u00e3o contra coronav\u00edrus"},"content":{"rendered":"\n<p>O ministro Alexandre de Moraes, do Supremo Tribunal Federal (STF), suspendeu por 180 dias o pagamento das parcelas da d\u00edvida dos Estados da Para\u00edba (PB), Pernambuco (PE) e Santa Catarina (SC) com a Uni\u00e3o.<\/p>\n\n\n\n<p>Segundo as medidas liminares deferidas nas A\u00e7\u00f5es C\u00edveis Origin\u00e1rias (ACO) 3368 (PB), 3369 (PE) e 3370 (SC), esses valores devem ser aplicados exclusivamente em a\u00e7\u00f5es de preven\u00e7\u00e3o, conten\u00e7\u00e3o, combate e mitiga\u00e7\u00e3o \u00e0 pandemia causada pelo novo coronav\u00edrus (Covid-19).<\/p>\n\n\n\n<p>O relator j\u00e1 deferiu medida semelhante beneficiando outros quatro estados que a requereram.<\/p>\n\n\n\n<p>De acordo com o ministro, a alega\u00e7\u00e3o dos entes federados de que est\u00e3o impossibilitados de cumprir a obriga\u00e7\u00e3o com a Uni\u00e3o em virtude do atual momento \u201cextraordin\u00e1rio e imprevis\u00edvel\u201d relacionado \u00e0 pandemia da Covid-19 \u00e9 absolutamente plaus\u00edvel.<\/p>\n\n\n\n<p>O relator destacou a gravidade da situa\u00e7\u00e3o atual, o que demonstra a necessidade imperativa de destina\u00e7\u00e3o de recursos p\u00fablicos para atenuar os graves riscos \u00e0 sa\u00fade em geral. Segundo ele, a atua\u00e7\u00e3o do Poder P\u00fablico somente ser\u00e1 leg\u00edtima se estiverem presentes a racionalidade, a prud\u00eancia, a propor\u00e7\u00e3o e, principalmente, nesse momento, a real e efetiva prote\u00e7\u00e3o ao direito fundamental \u00e0 sa\u00fade.<\/p>\n\n\n\n<p>O ministro ponderou que os pedidos demonstram a necessidade de efetividade de medidas concretas para prote\u00e7\u00e3o da sa\u00fade p\u00fablica e da vida dos cidad\u00e3os que vivem naqueles estados com a destina\u00e7\u00e3o priorit\u00e1ria do or\u00e7amento p\u00fablico para esta finalidade.<\/p>\n\n\n\n<p>\u201cO desafio que a situa\u00e7\u00e3o atual coloca \u00e0 sociedade brasileira e \u00e0s autoridades p\u00fablicas \u00e9 da mais elevada gravidade, e n\u00e3o pode ser minimizado. A pandemia de Covid-19 (coronav\u00edrus) \u00e9 uma amea\u00e7a real e iminente, que ir\u00e1 extenuar a capacidade operacional do sistema p\u00fablico de sa\u00fade, com consequ\u00eancias desastrosas para a popula\u00e7\u00e3o, caso n\u00e3o sejam adotadas medidas de efeito imediato\u201d, afirma o ministro.<\/p>\n\n\n\n<p>O relator imp\u00f4s como condi\u00e7\u00e3o que os estados comprovem que os recursos est\u00e3o sendo integralmente destinados \u00e0s Secretarias estaduais de Sa\u00fade e exclusivamente para o custeio das a\u00e7\u00f5es de preven\u00e7\u00e3o, conten\u00e7\u00e3o e combate da pandemia.<\/p>\n\n\n\n<p>Tamb\u00e9m determinou que, enquanto vigorar a medida liminar, a Uni\u00e3o n\u00e3o poder\u00e1 aplicar as penalidades, em caso de inadimpl\u00eancia, previstas no contrato e aditivos, como a reten\u00e7\u00e3o dos valores devidos nos recursos do Tesouro Estadual, vencimento antecipado da d\u00edvida e o bloqueio de recebimento de transfer\u00eancias financeiras da Uni\u00e3o.<\/p>\n\n\n\n<p>O ministro Alexandre de Moraes determinou, ainda, a realiza\u00e7\u00e3o, com urg\u00eancia, de uma audi\u00eancia virtual para composi\u00e7\u00e3o com a Uni\u00e3o, com a participa\u00e7\u00e3o dos estados que, at\u00e9 o momento, obtiveram liminares suspendendo por 180 dias o pagamento de suas d\u00edvidas: S\u00e3o Paulo, Bahia, Maranh\u00e3o, Paran\u00e1, Para\u00edba, Pernambuco e Santa Catarina.<\/p>\n","protected":false},"excerpt":{"rendered":"<p>O ministro Alexandre de Moraes, do Supremo Tribunal Federal (STF), suspendeu por 180 dias o pagamento das parcelas da d\u00edvida dos Estados da Para\u00edba (PB),&hellip; <\/p>\n","protected":false},"author":2,"featured_media":88160,"comment_status":"closed","ping_status":"closed","sticky":false,"template":"","format":"standard","meta":{"sfsi_plus_gutenberg_text_before_share":"","sfsi_plus_gutenberg_show_text_before_share":"","sfsi_plus_gutenberg_icon_type":"","sfsi_plus_gutenberg_icon_alignemt":"","sfsi_plus_gutenburg_max_per_row":"","footnotes":""},"categories":[11],"tags":[],"class_list":["post-160436","post","type-post","status-publish","format-standard","has-post-thumbnail","hentry","category-politica"],"_links":{"self":[{"href":"https:\/\/www.caririemacao.com\/1\/wp-json\/wp\/v2\/posts\/160436","targetHints":{"allow":["GET"]}}],"collection":[{"href":"https:\/\/www.caririemacao.com\/1\/wp-json\/wp\/v2\/posts"}],"about":[{"href":"https:\/\/www.caririemacao.com\/1\/wp-json\/wp\/v2\/types\/post"}],"author":[{"embeddable":true,"href":"https:\/\/www.caririemacao.com\/1\/wp-json\/wp\/v2\/users\/2"}],"replies":[{"embeddable":true,"href":"https:\/\/www.caririemacao.com\/1\/wp-json\/wp\/v2\/comments?post=160436"}],"version-history":[{"count":1,"href":"https:\/\/www.caririemacao.com\/1\/wp-json\/wp\/v2\/posts\/160436\/revisions"}],"predecessor-version":[{"id":160437,"href":"https:\/\/www.caririemacao.com\/1\/wp-json\/wp\/v2\/posts\/160436\/revisions\/160437"}],"wp:featuredmedia":[{"embeddable":true,"href":"https:\/\/www.caririemacao.com\/1\/wp-json\/wp\/v2\/media\/88160"}],"wp:attachment":[{"href":"https:\/\/www.caririemacao.com\/1\/wp-json\/wp\/v2\/media?parent=160436"}],"wp:term":[{"taxonomy":"category","embeddable":true,"href":"https:\/\/www.caririemacao.com\/1\/wp-json\/wp\/v2\/categories?post=160436"},{"taxonomy":"post_tag","embeddable":true,"href":"https:\/\/www.caririemacao.com\/1\/wp-json\/wp\/v2\/tags?post=160436"}],"curies":[{"name":"wp","href":"https:\/\/api.w.org\/{rel}","templated":true}]}}