{"id":160440,"date":"2020-03-27T06:32:09","date_gmt":"2020-03-27T09:32:09","guid":{"rendered":"http:\/\/www.caririemacao.com\/1\/?p=160440"},"modified":"2020-03-27T06:32:10","modified_gmt":"2020-03-27T09:32:10","slug":"com-avioes-parados-tripulacao-aceita-reducao-de-ate-80-nos-salarios","status":"publish","type":"post","link":"https:\/\/www.caririemacao.com\/1\/2020\/03\/27\/com-avioes-parados-tripulacao-aceita-reducao-de-ate-80-nos-salarios\/","title":{"rendered":"Com avi\u00f5es parados, tripula\u00e7\u00e3o aceita redu\u00e7\u00e3o de at\u00e9 80% nos sal\u00e1rios"},"content":{"rendered":"\n<p>Pilotos e comiss\u00e1rios da Latam e da Gol, as duas maiores companhias a\u00e9reas do pa\u00eds, aprovaram nesta quinta-feira (26) propostas das empresas para redu\u00e7\u00e3o de sal\u00e1rios que, na pr\u00e1tica, chega a at\u00e9 80%.<\/p>\n\n\n\n<p>As medidas valem por tr\u00eas meses e foram apresentadas \u00e0 categoria como alternativas \u00e0s demiss\u00f5es em massa. O setor a\u00e9reo tem sofrido forte retra\u00e7\u00e3o devido \u00e0 pandemia do novo coronav\u00edrus.<\/p>\n\n\n\n<p>As propostas foram votadas pelos empregados em ambiente virtual por tr\u00eas dias. A elaborada pela Latam recebeu o aval de 97% da categoria e a da Gol, 95%. As a\u00e9reas t\u00eam 21 mil e 17 mil funcion\u00e1rios, respectivamente, segundo o SNA (Sindicato Nacional dos Aeronautas).<\/p>\n\n\n\n<p>Nos \u00faltimos dias, o SNA buscava pressionar parlamentares a aprovarem emendas que liberassem o saque integral do FGTS (Fundo de Garantia por Tempo de Servi\u00e7o) aos profissionais do setor.<\/p>\n\n\n\n<p>O sal\u00e1rio da categoria \u00e9 composto por uma parcela fixa e uma vari\u00e1vel, que depende do n\u00famero de horas voadas. Hoje, o piso salarial de pilotos \u00e9 de R$ 9.400. O de copilotos \u00e9 R$ 4.900 e o de comiss\u00e1rios, R$ 2.277.<\/p>\n\n\n\n<p>\u201cComo a oferta de voos caiu de maneira vertiginosa, o corte dos sal\u00e1rios no somat\u00f3rio vai chegar a 80%. As propostas s\u00e3o importantes porque v\u00e3o preservar os empregos, mas precisamos da libera\u00e7\u00e3o do FGTS para poder sobreviver \u00e0 crise\u201d, diz Ondino Dutra, presidente do SNA.<\/p>\n\n\n\n<p>Pela proposta aprovada, a Gol vai reduzir a parcela fixa dos sal\u00e1rios em 30% em abril, 40% em maio e 50% em junho, segundo Dutra. Na Latam, o corte da remunera\u00e7\u00e3o fixa seria de 50%, segundo a proposta da companhia, ainda de acordo com o sindicato.<\/p>\n\n\n\n<p>As duas empresas tamb\u00e9m lan\u00e7aram programas de licen\u00e7as n\u00e3o remuneradas para a categoria.<\/p>\n\n\n\n<p>A Azul, terceira maior empresa do setor, tamb\u00e9m formalizou uma proposta ao sindicato dos aeronautas de acordo coletivo que prev\u00ea a redu\u00e7\u00e3o de 15% dos sal\u00e1rios-base dos seus funcion\u00e1rios, mas o texto ainda n\u00e3o foi votado.<\/p>\n\n\n\n<p>O sindicato quer, no entanto, que a Azul retire a proposta porque 9.500 de seus 14 mil funcion\u00e1rios j\u00e1 aderiram a licen\u00e7as n\u00e3o remuneradas, o que permitiria \u00e0 empresa mitigar os efeitos da redu\u00e7\u00e3o de demanda por voos. A quest\u00e3o ainda est\u00e1 em negocia\u00e7\u00e3o com a companhia, diz Dutra.<\/p>\n","protected":false},"excerpt":{"rendered":"<p>Pilotos e comiss\u00e1rios da Latam e da Gol, as duas maiores companhias a\u00e9reas do pa\u00eds, aprovaram nesta quinta-feira (26) propostas das empresas para redu\u00e7\u00e3o de&hellip; <\/p>\n","protected":false},"author":2,"featured_media":160441,"comment_status":"closed","ping_status":"closed","sticky":false,"template":"","format":"standard","meta":{"sfsi_plus_gutenberg_text_before_share":"","sfsi_plus_gutenberg_show_text_before_share":"","sfsi_plus_gutenberg_icon_type":"","sfsi_plus_gutenberg_icon_alignemt":"","sfsi_plus_gutenburg_max_per_row":"","footnotes":""},"categories":[2],"tags":[],"class_list":["post-160440","post","type-post","status-publish","format-standard","has-post-thumbnail","hentry","category-geral"],"_links":{"self":[{"href":"https:\/\/www.caririemacao.com\/1\/wp-json\/wp\/v2\/posts\/160440","targetHints":{"allow":["GET"]}}],"collection":[{"href":"https:\/\/www.caririemacao.com\/1\/wp-json\/wp\/v2\/posts"}],"about":[{"href":"https:\/\/www.caririemacao.com\/1\/wp-json\/wp\/v2\/types\/post"}],"author":[{"embeddable":true,"href":"https:\/\/www.caririemacao.com\/1\/wp-json\/wp\/v2\/users\/2"}],"replies":[{"embeddable":true,"href":"https:\/\/www.caririemacao.com\/1\/wp-json\/wp\/v2\/comments?post=160440"}],"version-history":[{"count":1,"href":"https:\/\/www.caririemacao.com\/1\/wp-json\/wp\/v2\/posts\/160440\/revisions"}],"predecessor-version":[{"id":160442,"href":"https:\/\/www.caririemacao.com\/1\/wp-json\/wp\/v2\/posts\/160440\/revisions\/160442"}],"wp:featuredmedia":[{"embeddable":true,"href":"https:\/\/www.caririemacao.com\/1\/wp-json\/wp\/v2\/media\/160441"}],"wp:attachment":[{"href":"https:\/\/www.caririemacao.com\/1\/wp-json\/wp\/v2\/media?parent=160440"}],"wp:term":[{"taxonomy":"category","embeddable":true,"href":"https:\/\/www.caririemacao.com\/1\/wp-json\/wp\/v2\/categories?post=160440"},{"taxonomy":"post_tag","embeddable":true,"href":"https:\/\/www.caririemacao.com\/1\/wp-json\/wp\/v2\/tags?post=160440"}],"curies":[{"name":"wp","href":"https:\/\/api.w.org\/{rel}","templated":true}]}}