{"id":160446,"date":"2020-03-27T06:34:11","date_gmt":"2020-03-27T09:34:11","guid":{"rendered":"http:\/\/www.caririemacao.com\/1\/?p=160446"},"modified":"2020-03-27T06:34:12","modified_gmt":"2020-03-27T09:34:12","slug":"presidente-do-tre-pb-afirma-que-calendario-eleitoral-esta-confirmado","status":"publish","type":"post","link":"https:\/\/www.caririemacao.com\/1\/2020\/03\/27\/presidente-do-tre-pb-afirma-que-calendario-eleitoral-esta-confirmado\/","title":{"rendered":"Presidente do TRE\/PB afirma que calend\u00e1rio eleitoral est\u00e1 confirmado"},"content":{"rendered":"\n<p>O presidente do Tribunal Regional Eleitoral da Para\u00edba, desembargador Jos\u00e9 Ricardo Porto, disse que esteve conversando com a ministra Rosa Weber, presidente do Tribunal Superior Eleitoral e, at\u00e9 o momento, ela est\u00e1 decidida pela realiza\u00e7\u00e3o das elei\u00e7\u00f5es municipais no pa\u00eds e o calend\u00e1rio eleitoral ocorrer\u00e1 dentro dos prazos previstos pela legisla\u00e7\u00e3o.<\/p>\n\n\n\n<p>Conforme o desembargador, no dia 4 de outubro, o povo brasileiro estar\u00e1 exercendo \u201co seu mais belo dia c\u00edvico\u201d, que \u00e9 o dia das elei\u00e7\u00f5es, quando poder\u00e1, atrav\u00e9s do voto, escolher os seus governantes e representantes das Casas Legislativas e dignifica a cidadania.<\/p>\n\n\n\n<p>\u201cAgora adentrando no mundo das hip\u00f3teses e das ila\u00e7\u00f5es plaus\u00edveis, se o coronav\u00edrus n\u00e3o for debelado e a Justi\u00e7a Eleitoral entenda que a sa\u00fade da popula\u00e7\u00e3o e, consequentemente, dos eleitores em rela\u00e7\u00e3o \u00e0s elei\u00e7\u00f5es, poder\u00e1 ser afetada, no momento pr\u00f3prio e pertinente, indiscutivelmente tomaremos todas as provid\u00eancia para resguardar a sa\u00fade do povo brasileiro\u201d, disse.<\/p>\n\n\n\n<p>O adiamento das elei\u00e7\u00f5es de 2020 ainda n\u00e3o \u00e9 uma quest\u00e3o fechada. Contudo, a Corte Eleitoral vai realizar nesta quinta-feira (26), uma sess\u00e3o por meio de uma v\u00eddeoconfer\u00eancia, a primeira da hist\u00f3ria da justi\u00e7a eleitoral paraibana.<\/p>\n\n\n\n<p>A nova modalidade tem car\u00e1ter emergencial e visa justamente evitar a transmiss\u00e3o e propaga\u00e7\u00e3o do coronav\u00edrus.<\/p>\n\n\n\n<p>\u201cEssa medida foi muito salutar, notadamente para preservar os cidad\u00e3os, servidores da Casa e os membros da Corte desse v\u00edrus. O Brasil hoje enfrenta uma guerra contra esse v\u00edrus e n\u00f3s sairemos vitoriosos, porque estamos tomando todas as precau\u00e7\u00f5es\u201d, concluiu o desembargador.<\/p>\n","protected":false},"excerpt":{"rendered":"<p>O presidente do Tribunal Regional Eleitoral da Para\u00edba, desembargador Jos\u00e9 Ricardo Porto, disse que esteve conversando com a ministra Rosa Weber, presidente do Tribunal Superior&hellip; <\/p>\n","protected":false},"author":2,"featured_media":158755,"comment_status":"closed","ping_status":"closed","sticky":false,"template":"","format":"standard","meta":{"sfsi_plus_gutenberg_text_before_share":"","sfsi_plus_gutenberg_show_text_before_share":"","sfsi_plus_gutenberg_icon_type":"","sfsi_plus_gutenberg_icon_alignemt":"","sfsi_plus_gutenburg_max_per_row":"","footnotes":""},"categories":[11],"tags":[],"class_list":["post-160446","post","type-post","status-publish","format-standard","has-post-thumbnail","hentry","category-politica"],"_links":{"self":[{"href":"https:\/\/www.caririemacao.com\/1\/wp-json\/wp\/v2\/posts\/160446","targetHints":{"allow":["GET"]}}],"collection":[{"href":"https:\/\/www.caririemacao.com\/1\/wp-json\/wp\/v2\/posts"}],"about":[{"href":"https:\/\/www.caririemacao.com\/1\/wp-json\/wp\/v2\/types\/post"}],"author":[{"embeddable":true,"href":"https:\/\/www.caririemacao.com\/1\/wp-json\/wp\/v2\/users\/2"}],"replies":[{"embeddable":true,"href":"https:\/\/www.caririemacao.com\/1\/wp-json\/wp\/v2\/comments?post=160446"}],"version-history":[{"count":1,"href":"https:\/\/www.caririemacao.com\/1\/wp-json\/wp\/v2\/posts\/160446\/revisions"}],"predecessor-version":[{"id":160447,"href":"https:\/\/www.caririemacao.com\/1\/wp-json\/wp\/v2\/posts\/160446\/revisions\/160447"}],"wp:featuredmedia":[{"embeddable":true,"href":"https:\/\/www.caririemacao.com\/1\/wp-json\/wp\/v2\/media\/158755"}],"wp:attachment":[{"href":"https:\/\/www.caririemacao.com\/1\/wp-json\/wp\/v2\/media?parent=160446"}],"wp:term":[{"taxonomy":"category","embeddable":true,"href":"https:\/\/www.caririemacao.com\/1\/wp-json\/wp\/v2\/categories?post=160446"},{"taxonomy":"post_tag","embeddable":true,"href":"https:\/\/www.caririemacao.com\/1\/wp-json\/wp\/v2\/tags?post=160446"}],"curies":[{"name":"wp","href":"https:\/\/api.w.org\/{rel}","templated":true}]}}