{"id":160453,"date":"2020-03-27T06:38:52","date_gmt":"2020-03-27T09:38:52","guid":{"rendered":"http:\/\/www.caririemacao.com\/1\/?p=160453"},"modified":"2020-03-27T06:38:53","modified_gmt":"2020-03-27T09:38:53","slug":"bolsonaro-confirma-vale-de-r-600-para-trabalhador-informal","status":"publish","type":"post","link":"https:\/\/www.caririemacao.com\/1\/2020\/03\/27\/bolsonaro-confirma-vale-de-r-600-para-trabalhador-informal\/","title":{"rendered":"Bolsonaro confirma vale de R$ 600 para trabalhador informal"},"content":{"rendered":"\n<p>O presidente Jair Bolsonaro disse na noite desta quinta-feira que o aux\u00edlio oferecido a trabalhadores informais atingidos pela crise do coronav\u00edrus ser\u00e1 de R$ 600. O valor \u00e9 o triplo do inicialmente anunciado pela equipe econ\u00f4mica e tamb\u00e9m \u00e9 superior ao que estava sendo negociado por parlamentares.<\/p>\n\n\n\n<p>\u2014 Aquela ajuda inicial dos informais, que era muito pouco. Conversei com o Paulo Guedes e o Paulo Guedes resolveu triplicar esse valor. Estamos passando essa ajuda emergencial de R$ 600 por tr\u00eas meses para os informais \u2014 disse Bolsonaro, durante live pelas redes sociais.<\/p>\n\n\n\n<p>O vale para informais, apelidado de &#8220;coronavoucher&#8221;, \u00e9 uma forma de repor a renda de trabalhadores de baixa renda que n\u00e3o t\u00eam condi\u00e7\u00f5es de trabalhar durante a quarentena para conter a dissemina\u00e7\u00e3o do v\u00edrus. O aux\u00edlio de R$ 200 custaria R$ 15 bilh\u00f5es ao longo de tr\u00eas meses. O governo ainda n\u00e3o divulgou o impacto fiscal do vale de R$ 600.<\/p>\n","protected":false},"excerpt":{"rendered":"<p>O presidente Jair Bolsonaro disse na noite desta quinta-feira que o aux\u00edlio oferecido a trabalhadores informais atingidos pela crise do coronav\u00edrus ser\u00e1 de R$ 600.&hellip; <\/p>\n","protected":false},"author":2,"featured_media":160121,"comment_status":"closed","ping_status":"closed","sticky":false,"template":"","format":"standard","meta":{"sfsi_plus_gutenberg_text_before_share":"","sfsi_plus_gutenberg_show_text_before_share":"","sfsi_plus_gutenberg_icon_type":"","sfsi_plus_gutenberg_icon_alignemt":"","sfsi_plus_gutenburg_max_per_row":"","footnotes":""},"categories":[50,11],"tags":[],"class_list":["post-160453","post","type-post","status-publish","format-standard","has-post-thumbnail","hentry","category-destaque","category-politica"],"_links":{"self":[{"href":"https:\/\/www.caririemacao.com\/1\/wp-json\/wp\/v2\/posts\/160453","targetHints":{"allow":["GET"]}}],"collection":[{"href":"https:\/\/www.caririemacao.com\/1\/wp-json\/wp\/v2\/posts"}],"about":[{"href":"https:\/\/www.caririemacao.com\/1\/wp-json\/wp\/v2\/types\/post"}],"author":[{"embeddable":true,"href":"https:\/\/www.caririemacao.com\/1\/wp-json\/wp\/v2\/users\/2"}],"replies":[{"embeddable":true,"href":"https:\/\/www.caririemacao.com\/1\/wp-json\/wp\/v2\/comments?post=160453"}],"version-history":[{"count":1,"href":"https:\/\/www.caririemacao.com\/1\/wp-json\/wp\/v2\/posts\/160453\/revisions"}],"predecessor-version":[{"id":160454,"href":"https:\/\/www.caririemacao.com\/1\/wp-json\/wp\/v2\/posts\/160453\/revisions\/160454"}],"wp:featuredmedia":[{"embeddable":true,"href":"https:\/\/www.caririemacao.com\/1\/wp-json\/wp\/v2\/media\/160121"}],"wp:attachment":[{"href":"https:\/\/www.caririemacao.com\/1\/wp-json\/wp\/v2\/media?parent=160453"}],"wp:term":[{"taxonomy":"category","embeddable":true,"href":"https:\/\/www.caririemacao.com\/1\/wp-json\/wp\/v2\/categories?post=160453"},{"taxonomy":"post_tag","embeddable":true,"href":"https:\/\/www.caririemacao.com\/1\/wp-json\/wp\/v2\/tags?post=160453"}],"curies":[{"name":"wp","href":"https:\/\/api.w.org\/{rel}","templated":true}]}}