{"id":160463,"date":"2020-03-27T06:41:09","date_gmt":"2020-03-27T09:41:09","guid":{"rendered":"http:\/\/www.caririemacao.com\/1\/?p=160463"},"modified":"2020-03-27T06:41:10","modified_gmt":"2020-03-27T09:41:10","slug":"paraiba-e-o-segundo-estado-do-brasil-com-menos-casos-de-coronavirus-de-acordo-com-dados-do-ministerio-da-saude","status":"publish","type":"post","link":"https:\/\/www.caririemacao.com\/1\/2020\/03\/27\/paraiba-e-o-segundo-estado-do-brasil-com-menos-casos-de-coronavirus-de-acordo-com-dados-do-ministerio-da-saude\/","title":{"rendered":"Para\u00edba \u00e9 o segundo estado do Brasil com menos casos de coronav\u00edrus, de acordo com dados do Minist\u00e9rio da Sa\u00fade"},"content":{"rendered":"\n<p>A Para\u00edba est\u00e1 entre os tr\u00eas estados da federa\u00e7\u00e3o com menos casos registrados do novo coronav\u00edrus, de acordo com dados do Minist\u00e9rio da Sa\u00fade.&nbsp;<\/p>\n\n\n\n<p>O estado da Para\u00edba ficou em segundo lugar, empatado com Rond\u00f4nia, com cinco casos. Em primeiro est\u00e1&nbsp;o Amap\u00e1, com dois&nbsp;casos.<\/p>\n\n\n\n<p>O Minist\u00e9rio da Sa\u00fade divulgou nesta quinta-feira (26) o novo balan\u00e7o de casos confirmados de novo coronav\u00edrus (Sars-Cov-2) no Brasil.&nbsp;<\/p>\n\n\n\n<figure class=\"wp-block-image\"><img decoding=\"async\" data-src=\"https:\/\/www.clickpb.com.br\/media\/filer_public\/d8\/51\/d8518ce9-719a-4d29-a649-f70e63748d11\/eud9kutxgaav6oo.jpg\" alt=\"\" src=\"data:image\/svg+xml;base64,PHN2ZyB3aWR0aD0iMSIgaGVpZ2h0PSIxIiB4bWxucz0iaHR0cDovL3d3dy53My5vcmcvMjAwMC9zdmciPjwvc3ZnPg==\" class=\"lazyload\" \/><\/figure>\n\n\n\n<p>Os principais dados s\u00e3o:<\/p>\n\n\n\n<ul class=\"wp-block-list\"><li>77 mortes, eram 57 na quarta<\/li><li>2.915 casos confirmados, eram 2.433<\/li><li>1.665 casos no Sudeste<\/li><li>2,7 % \u00e9 a taxa de letalidade<\/li><\/ul>\n\n\n\n<p>O Minist\u00e9rio da Sa\u00fade chegou a divulgar que o total de mortes era de 78, mas o n\u00famero foi corrigido pelo governo porque a tabela considerava uma morte a mais no Distrito Federal.<br><\/p>\n\n\n\n<p>O Minist\u00e9rio da Sa\u00fade diz que, at\u00e9 as 17h30, pa\u00eds tinha 194 pacientes internados em UTIs e outros 205 em enfermarias.<\/p>\n\n\n\n<p><strong>100 mil casos em 2 dias no mundo<\/strong><br><\/p>\n\n\n\n<p>A Organiza\u00e7\u00e3o Mundial da Sa\u00fade (OMS) informou nesta quinta-feira (26) que, nos \u00faltimos dois dias, o mundo registrou mais 100 mil novos casos de coronav\u00edrus. Ao todo, j\u00e1 s\u00e3o mais de meio milh\u00e3o de pessoas infectadas.<\/p>\n\n\n\n<p>Na segunda-feira (23), a OMS apresentou um balan\u00e7o dos casos a cada marca de 100 mil para alertar como a pandemia est\u00e1 se acelerando nesta semana: os primeiros 100 mil casos de Covid-19 foram registrados em 67 dias &#8211; mas foram necess\u00e1rios apenas mais 11 dias para dobrar e atingir 200 mil casos e outros quatro dias para chegar a 300 mil casos. Agora, a pandemia levou dois dias para somar mais 100 mil novos casos ao balan\u00e7o.<\/p>\n","protected":false},"excerpt":{"rendered":"<p>A Para\u00edba est\u00e1 entre os tr\u00eas estados da federa\u00e7\u00e3o com menos casos registrados do novo coronav\u00edrus, de acordo com dados do Minist\u00e9rio da Sa\u00fade.&nbsp; O&hellip; <\/p>\n","protected":false},"author":2,"featured_media":160464,"comment_status":"closed","ping_status":"closed","sticky":false,"template":"","format":"standard","meta":{"sfsi_plus_gutenberg_text_before_share":"","sfsi_plus_gutenberg_show_text_before_share":"","sfsi_plus_gutenberg_icon_type":"","sfsi_plus_gutenberg_icon_alignemt":"","sfsi_plus_gutenburg_max_per_row":"","footnotes":""},"categories":[50,16],"tags":[],"class_list":["post-160463","post","type-post","status-publish","format-standard","has-post-thumbnail","hentry","category-destaque","category-saude"],"_links":{"self":[{"href":"https:\/\/www.caririemacao.com\/1\/wp-json\/wp\/v2\/posts\/160463","targetHints":{"allow":["GET"]}}],"collection":[{"href":"https:\/\/www.caririemacao.com\/1\/wp-json\/wp\/v2\/posts"}],"about":[{"href":"https:\/\/www.caririemacao.com\/1\/wp-json\/wp\/v2\/types\/post"}],"author":[{"embeddable":true,"href":"https:\/\/www.caririemacao.com\/1\/wp-json\/wp\/v2\/users\/2"}],"replies":[{"embeddable":true,"href":"https:\/\/www.caririemacao.com\/1\/wp-json\/wp\/v2\/comments?post=160463"}],"version-history":[{"count":1,"href":"https:\/\/www.caririemacao.com\/1\/wp-json\/wp\/v2\/posts\/160463\/revisions"}],"predecessor-version":[{"id":160465,"href":"https:\/\/www.caririemacao.com\/1\/wp-json\/wp\/v2\/posts\/160463\/revisions\/160465"}],"wp:featuredmedia":[{"embeddable":true,"href":"https:\/\/www.caririemacao.com\/1\/wp-json\/wp\/v2\/media\/160464"}],"wp:attachment":[{"href":"https:\/\/www.caririemacao.com\/1\/wp-json\/wp\/v2\/media?parent=160463"}],"wp:term":[{"taxonomy":"category","embeddable":true,"href":"https:\/\/www.caririemacao.com\/1\/wp-json\/wp\/v2\/categories?post=160463"},{"taxonomy":"post_tag","embeddable":true,"href":"https:\/\/www.caririemacao.com\/1\/wp-json\/wp\/v2\/tags?post=160463"}],"curies":[{"name":"wp","href":"https:\/\/api.w.org\/{rel}","templated":true}]}}