{"id":160485,"date":"2020-03-27T06:49:57","date_gmt":"2020-03-27T09:49:57","guid":{"rendered":"http:\/\/www.caririemacao.com\/1\/?p=160485"},"modified":"2020-03-27T06:49:59","modified_gmt":"2020-03-27T09:49:59","slug":"casos-suspeitos-do-coronavirus-em-monteiro-sao-descartados-pela-secretaria-de-saude","status":"publish","type":"post","link":"https:\/\/www.caririemacao.com\/1\/2020\/03\/27\/casos-suspeitos-do-coronavirus-em-monteiro-sao-descartados-pela-secretaria-de-saude\/","title":{"rendered":"Casos suspeitos do Coronav\u00edrus em Monteiro s\u00e3o descartados pela Secretaria de Sa\u00fade"},"content":{"rendered":"\n<p>As a\u00e7\u00f5es de conten\u00e7\u00e3o e as determina\u00e7\u00f5es impostas atrav\u00e9s de diversos Decretos publicados pela Prefeitura de Monteiro em rela\u00e7\u00e3o \u00e0 preven\u00e7\u00e3o do Covid-19 (Coronav\u00edrus), apresentam indica\u00e7\u00e3o de \u00eaxito.<\/p>\n\n\n\n<p>Foram divulgados nesta quinta-feira, 26, os resultados de mais 2 exames relativos \u00e0 casos suspeitos que estavam sob investiga\u00e7\u00e3o no munic\u00edpio e o resultado foi negativo, assim como aconteceu com um caso registrado anteriormente.<\/p>\n\n\n\n<p>Desta forma, a cidade est\u00e1 sem nenhum caso em investiga\u00e7\u00e3o, descartando todos os tr\u00eas casos que estavam sob suspeita.<\/p>\n\n\n\n<p>Apesar do cen\u00e1rio positivo, a Prefeitura de Monteiro, atrav\u00e9s de um trabalho conjunto da Secretaria de Sa\u00fade e orientado pessoalmente pela prefeita Anna Lorena, tem refor\u00e7ado o combate atrav\u00e9s de estrat\u00e9gias como a utiliza\u00e7\u00e3o de carro de som, emissoras de r\u00e1dio, portais de not\u00edcias e redes sociais, campanhas de preven\u00e7\u00e3o e orienta\u00e7\u00e3o para o recolhimento social, principalmente dos idosos, al\u00e9m de outras a\u00e7\u00f5es, entre elas uma s\u00e9rie de restri\u00e7\u00f5es, proibi\u00e7\u00f5es e determina\u00e7\u00f5es extremamente necess\u00e1rias.<\/p>\n\n\n\n<p>\u201cOs resultados indicam que estamos no caminho certo, e mesmo muitas vezes, tomando medidas que pare\u00e7am a primeira vista impopulares, s\u00e3o decis\u00f5es importantes e que est\u00e3o fazendo a diferen\u00e7a em rela\u00e7\u00e3o \u00e0 prote\u00e7\u00e3o de nosso povo\u201d, disse Anna Lorena.<\/p>\n","protected":false},"excerpt":{"rendered":"<p>As a\u00e7\u00f5es de conten\u00e7\u00e3o e as determina\u00e7\u00f5es impostas atrav\u00e9s de diversos Decretos publicados pela Prefeitura de Monteiro em rela\u00e7\u00e3o \u00e0 preven\u00e7\u00e3o do Covid-19 (Coronav\u00edrus), apresentam&hellip; <\/p>\n","protected":false},"author":2,"featured_media":28233,"comment_status":"closed","ping_status":"closed","sticky":false,"template":"","format":"standard","meta":{"sfsi_plus_gutenberg_text_before_share":"","sfsi_plus_gutenberg_show_text_before_share":"","sfsi_plus_gutenberg_icon_type":"","sfsi_plus_gutenberg_icon_alignemt":"","sfsi_plus_gutenburg_max_per_row":"","footnotes":""},"categories":[2],"tags":[],"class_list":["post-160485","post","type-post","status-publish","format-standard","has-post-thumbnail","hentry","category-geral"],"_links":{"self":[{"href":"https:\/\/www.caririemacao.com\/1\/wp-json\/wp\/v2\/posts\/160485","targetHints":{"allow":["GET"]}}],"collection":[{"href":"https:\/\/www.caririemacao.com\/1\/wp-json\/wp\/v2\/posts"}],"about":[{"href":"https:\/\/www.caririemacao.com\/1\/wp-json\/wp\/v2\/types\/post"}],"author":[{"embeddable":true,"href":"https:\/\/www.caririemacao.com\/1\/wp-json\/wp\/v2\/users\/2"}],"replies":[{"embeddable":true,"href":"https:\/\/www.caririemacao.com\/1\/wp-json\/wp\/v2\/comments?post=160485"}],"version-history":[{"count":1,"href":"https:\/\/www.caririemacao.com\/1\/wp-json\/wp\/v2\/posts\/160485\/revisions"}],"predecessor-version":[{"id":160486,"href":"https:\/\/www.caririemacao.com\/1\/wp-json\/wp\/v2\/posts\/160485\/revisions\/160486"}],"wp:featuredmedia":[{"embeddable":true,"href":"https:\/\/www.caririemacao.com\/1\/wp-json\/wp\/v2\/media\/28233"}],"wp:attachment":[{"href":"https:\/\/www.caririemacao.com\/1\/wp-json\/wp\/v2\/media?parent=160485"}],"wp:term":[{"taxonomy":"category","embeddable":true,"href":"https:\/\/www.caririemacao.com\/1\/wp-json\/wp\/v2\/categories?post=160485"},{"taxonomy":"post_tag","embeddable":true,"href":"https:\/\/www.caririemacao.com\/1\/wp-json\/wp\/v2\/tags?post=160485"}],"curies":[{"name":"wp","href":"https:\/\/api.w.org\/{rel}","templated":true}]}}