{"id":160490,"date":"2020-03-27T06:51:47","date_gmt":"2020-03-27T09:51:47","guid":{"rendered":"http:\/\/www.caririemacao.com\/1\/?p=160490"},"modified":"2020-03-27T06:51:49","modified_gmt":"2020-03-27T09:51:49","slug":"camara-de-vereadores-de-sume-aprova-projeto-que-permite-realizacao-de-reunioes-virtuais","status":"publish","type":"post","link":"https:\/\/www.caririemacao.com\/1\/2020\/03\/27\/camara-de-vereadores-de-sume-aprova-projeto-que-permite-realizacao-de-reunioes-virtuais\/","title":{"rendered":"C\u00e2mara de Vereadores de Sum\u00e9 aprova projeto que permite realiza\u00e7\u00e3o de reuni\u00f5es virtuais"},"content":{"rendered":"\n<p>Na reuni\u00e3o da C\u00e2mara de Vereadores de Sum\u00e9, realizada na noite desta quinta-feira (26), foi aprovado o projeto de resolu\u00e7\u00e3o, de autoria da Mesa Diretora, Bomba-presidente, Nilson Brito-vice-presidente, Branco Xiliu-1\u00ba secret\u00e1rio e Fl\u00e1vio Paulino-2\u00ba secret\u00e1rio, que visa manter o funcionamento das sess\u00f5es a dist\u00e2ncia, mediante o contexto em que se encontra o pa\u00eds.\u00a0<\/p>\n\n\n\n<p>A ideia \u00e9 que se fa\u00e7am as sess\u00f5es de forma online e virtual, para que assim, seja mantido o funcionamento dos debates, dando continuidade aos trabalhos legislativos, que s\u00e3o indispens\u00e1veis para a popula\u00e7\u00e3o sumeense.\u00a0<\/p>\n\n\n\n<p>O Projeto destina-se regular o Sistema de Delibera\u00e7\u00e3o Remota (SDR) no \u00e2mbito da C\u00e2mara Municipal de Sum\u00e9-PB, medida para o funcionamento deliberativo remoto do Poder Legislativo Municipal diante de situa\u00e7\u00f5es de guerra, de convuls\u00e3o social, de calamidade p\u00fablica, situa\u00e7\u00e3o de emerg\u00eancia, de pandemia, de emerg\u00eancia epidemiol\u00f3gica, de colapso do sistema de transportes e de outras circunst\u00e2ncias de gravidade semelhante no Munic\u00edpio de Sum\u00e9\u00a0O Poder Legislativo visa ainda, assegurar ao Munic\u00edpio de Sum\u00e9, em hip\u00f3teses como a mencionada, a continuidade dos trabalhos legislativos, indispens\u00e1veis para apoiar as medidas emergenciais necess\u00e1rias e adequadas aos referidos contextos.<\/p>\n","protected":false},"excerpt":{"rendered":"<p>Na reuni\u00e3o da C\u00e2mara de Vereadores de Sum\u00e9, realizada na noite desta quinta-feira (26), foi aprovado o projeto de resolu\u00e7\u00e3o, de autoria da Mesa Diretora,&hellip; <\/p>\n","protected":false},"author":2,"featured_media":160491,"comment_status":"closed","ping_status":"closed","sticky":false,"template":"","format":"standard","meta":{"sfsi_plus_gutenberg_text_before_share":"","sfsi_plus_gutenberg_show_text_before_share":"","sfsi_plus_gutenberg_icon_type":"","sfsi_plus_gutenberg_icon_alignemt":"","sfsi_plus_gutenburg_max_per_row":"","footnotes":""},"categories":[2],"tags":[],"class_list":["post-160490","post","type-post","status-publish","format-standard","has-post-thumbnail","hentry","category-geral"],"_links":{"self":[{"href":"https:\/\/www.caririemacao.com\/1\/wp-json\/wp\/v2\/posts\/160490","targetHints":{"allow":["GET"]}}],"collection":[{"href":"https:\/\/www.caririemacao.com\/1\/wp-json\/wp\/v2\/posts"}],"about":[{"href":"https:\/\/www.caririemacao.com\/1\/wp-json\/wp\/v2\/types\/post"}],"author":[{"embeddable":true,"href":"https:\/\/www.caririemacao.com\/1\/wp-json\/wp\/v2\/users\/2"}],"replies":[{"embeddable":true,"href":"https:\/\/www.caririemacao.com\/1\/wp-json\/wp\/v2\/comments?post=160490"}],"version-history":[{"count":1,"href":"https:\/\/www.caririemacao.com\/1\/wp-json\/wp\/v2\/posts\/160490\/revisions"}],"predecessor-version":[{"id":160492,"href":"https:\/\/www.caririemacao.com\/1\/wp-json\/wp\/v2\/posts\/160490\/revisions\/160492"}],"wp:featuredmedia":[{"embeddable":true,"href":"https:\/\/www.caririemacao.com\/1\/wp-json\/wp\/v2\/media\/160491"}],"wp:attachment":[{"href":"https:\/\/www.caririemacao.com\/1\/wp-json\/wp\/v2\/media?parent=160490"}],"wp:term":[{"taxonomy":"category","embeddable":true,"href":"https:\/\/www.caririemacao.com\/1\/wp-json\/wp\/v2\/categories?post=160490"},{"taxonomy":"post_tag","embeddable":true,"href":"https:\/\/www.caririemacao.com\/1\/wp-json\/wp\/v2\/tags?post=160490"}],"curies":[{"name":"wp","href":"https:\/\/api.w.org\/{rel}","templated":true}]}}