{"id":160500,"date":"2020-03-27T06:57:27","date_gmt":"2020-03-27T09:57:27","guid":{"rendered":"http:\/\/www.caririemacao.com\/1\/?p=160500"},"modified":"2020-03-27T06:57:29","modified_gmt":"2020-03-27T09:57:29","slug":"inscricoes-para-profissionais-de-saude-que-vao-atuar-contra-o-coronavirus-na-paraiba-terminam-nesta-sexta-feira","status":"publish","type":"post","link":"https:\/\/www.caririemacao.com\/1\/2020\/03\/27\/inscricoes-para-profissionais-de-saude-que-vao-atuar-contra-o-coronavirus-na-paraiba-terminam-nesta-sexta-feira\/","title":{"rendered":"Inscri\u00e7\u00f5es para profissionais de sa\u00fade que v\u00e3o atuar contra o coronav\u00edrus na Para\u00edba terminam nesta sexta-feira"},"content":{"rendered":"\n<p>As inscri\u00e7\u00f5es na chamada p\u00fablica para contrata\u00e7\u00e3o, em car\u00e1ter de urg\u00eancia, de 2.453 profissionais de sa\u00fade para presta\u00e7\u00e3o de servi\u00e7o no combate ao novo coronav\u00edrus (Covid-19) na Para\u00edba,&nbsp;terminam nesta sexta-feira (27).&nbsp;As&nbsp;inscri\u00e7\u00f5es s\u00e3o gratuitas e devem&nbsp;<a href=\"https:\/\/portaldacidadania.pb.gov.br\/SocialGoverno\/Governo\/Concurso\/ListaConcurso\">ser feitas pela internet, no Portal da Cidadania<\/a>.<\/p>\n\n\n\n<p>As cidades que ser\u00e3o beneficiadas com a chegada do refor\u00e7o profissional s\u00e3o:&nbsp;Jo\u00e3o Pessoa, Campina Grande, Cajazeiras, Patos, Pombal e Mamanguape.<br><\/p>\n\n\n\n<p>Todos os cargos t\u00eam remunera\u00e7\u00e3o de R$ 1.500 para 40 horas semanais. No caso do plant\u00e3o de seis horas, o cargo de m\u00e9dico tem remunera\u00e7\u00e3o de R$ 600. Os demais cargos de n\u00edvel superior, no plant\u00e3o de seis horas, t\u00eam remunera\u00e7\u00e3o de R$ 150. J\u00e1 os de n\u00edvel m\u00e9dio e t\u00e9cnico, t\u00eam remunera\u00e7\u00e3o de R$ 100. Para os plant\u00f5es de 12 horas, da Central de Regula\u00e7\u00e3o, a remunera\u00e7\u00e3o \u00e9 de R$ 1.250 para m\u00e9dicos, R$ 205 para enfermeiros e R$ 150 para videofonistas.<\/p>\n\n\n\n<p>A rela\u00e7\u00e3o final dos selecionados deve ser publicada na segunda-feira (31) e em raz\u00e3o da finalidade de emerg\u00eancia e urg\u00eancia da chamada, n\u00e3o cabe recurso do resultado.<\/p>\n","protected":false},"excerpt":{"rendered":"<p>As inscri\u00e7\u00f5es na chamada p\u00fablica para contrata\u00e7\u00e3o, em car\u00e1ter de urg\u00eancia, de 2.453 profissionais de sa\u00fade para presta\u00e7\u00e3o de servi\u00e7o no combate ao novo coronav\u00edrus&hellip; <\/p>\n","protected":false},"author":2,"featured_media":157792,"comment_status":"closed","ping_status":"closed","sticky":false,"template":"","format":"standard","meta":{"sfsi_plus_gutenberg_text_before_share":"","sfsi_plus_gutenberg_show_text_before_share":"","sfsi_plus_gutenberg_icon_type":"","sfsi_plus_gutenberg_icon_alignemt":"","sfsi_plus_gutenburg_max_per_row":"","footnotes":""},"categories":[16],"tags":[],"class_list":["post-160500","post","type-post","status-publish","format-standard","has-post-thumbnail","hentry","category-saude"],"_links":{"self":[{"href":"https:\/\/www.caririemacao.com\/1\/wp-json\/wp\/v2\/posts\/160500","targetHints":{"allow":["GET"]}}],"collection":[{"href":"https:\/\/www.caririemacao.com\/1\/wp-json\/wp\/v2\/posts"}],"about":[{"href":"https:\/\/www.caririemacao.com\/1\/wp-json\/wp\/v2\/types\/post"}],"author":[{"embeddable":true,"href":"https:\/\/www.caririemacao.com\/1\/wp-json\/wp\/v2\/users\/2"}],"replies":[{"embeddable":true,"href":"https:\/\/www.caririemacao.com\/1\/wp-json\/wp\/v2\/comments?post=160500"}],"version-history":[{"count":1,"href":"https:\/\/www.caririemacao.com\/1\/wp-json\/wp\/v2\/posts\/160500\/revisions"}],"predecessor-version":[{"id":160501,"href":"https:\/\/www.caririemacao.com\/1\/wp-json\/wp\/v2\/posts\/160500\/revisions\/160501"}],"wp:featuredmedia":[{"embeddable":true,"href":"https:\/\/www.caririemacao.com\/1\/wp-json\/wp\/v2\/media\/157792"}],"wp:attachment":[{"href":"https:\/\/www.caririemacao.com\/1\/wp-json\/wp\/v2\/media?parent=160500"}],"wp:term":[{"taxonomy":"category","embeddable":true,"href":"https:\/\/www.caririemacao.com\/1\/wp-json\/wp\/v2\/categories?post=160500"},{"taxonomy":"post_tag","embeddable":true,"href":"https:\/\/www.caririemacao.com\/1\/wp-json\/wp\/v2\/tags?post=160500"}],"curies":[{"name":"wp","href":"https:\/\/api.w.org\/{rel}","templated":true}]}}