{"id":160511,"date":"2020-03-27T07:02:14","date_gmt":"2020-03-27T10:02:14","guid":{"rendered":"http:\/\/www.caririemacao.com\/1\/?p=160511"},"modified":"2020-03-27T07:02:15","modified_gmt":"2020-03-27T10:02:15","slug":"cnt-vai-ao-stf-para-impedir-fechamento-de-divisas-estaduais","status":"publish","type":"post","link":"https:\/\/www.caririemacao.com\/1\/2020\/03\/27\/cnt-vai-ao-stf-para-impedir-fechamento-de-divisas-estaduais\/","title":{"rendered":"CNT vai ao STF para impedir fechamento de divisas estaduais"},"content":{"rendered":"\n<p>A Confedera\u00e7\u00e3o Nacional dos Transportes (CNT) entrou hoje (26) com uma a\u00e7\u00e3o no Supremo Tribunal Federal (STF) para anular decretos estaduais e municipais que determinaram o fechamento de divisas locais como medidas para conter a dissemina\u00e7\u00e3o do novo coronav\u00edrus.&nbsp;<\/p>\n\n\n\n<p>Na a\u00e7\u00e3o, a CNT alega que as medidas s\u00e3o ilegais e podem causar danos irrepar\u00e1veis aos cidad\u00e3os e \u00e0 economia do pa\u00eds.&nbsp;<\/p>\n\n\n\n<p>\u201cEm inobserv\u00e2ncia \u00e0s suas compet\u00eancias constitucionais e em contrariedade \u00e0s normas gerais aplic\u00e1veis, governadores de estados e prefeitos de munic\u00edpios v\u00eam editando atos normativos nitidamente inconstitucionais que determinam, de forma desarrazoada e sem embasamento cient\u00edfico e t\u00e9cnico, o fechamento das fronteiras interestaduais e intermunicipais com a pretens\u00e3o de minimizar os efeitos do cont\u00e1gio do Covid-19\u201d, argumenta a CNT.&nbsp;<\/p>\n\n\n\n<p>A quest\u00e3o ser\u00e1 decidida pelo ministro Luiz Fux, relator do caso.<\/p>\n\n\n\n<h2 class=\"wp-block-heading\">Mais informa\u00e7\u00f5es<\/h2>\n\n\n\n<p>No in\u00edcio da noite, Fux pediu que a Ag\u00eancia Nacional de Transportes Terrestres (ANTT), o Minist\u00e9rio da Sa\u00fade, a Procuradoria-Geral da Rep\u00fablica (PGR) e a Advocacia-Geral da Uni\u00e3o (AGU) se manifestem sobre o pedido da CNT no prazo de 48 horas. Ap\u00f3s receber as manifesta\u00e7\u00f5es, o ministro vai decidir o caso.<\/p>\n","protected":false},"excerpt":{"rendered":"<p>A Confedera\u00e7\u00e3o Nacional dos Transportes (CNT) entrou hoje (26) com uma a\u00e7\u00e3o no Supremo Tribunal Federal (STF) para anular decretos estaduais e municipais que determinaram&hellip; <\/p>\n","protected":false},"author":2,"featured_media":95009,"comment_status":"closed","ping_status":"closed","sticky":false,"template":"","format":"standard","meta":{"sfsi_plus_gutenberg_text_before_share":"","sfsi_plus_gutenberg_show_text_before_share":"","sfsi_plus_gutenberg_icon_type":"","sfsi_plus_gutenberg_icon_alignemt":"","sfsi_plus_gutenburg_max_per_row":"","footnotes":""},"categories":[6],"tags":[],"class_list":["post-160511","post","type-post","status-publish","format-standard","has-post-thumbnail","hentry","category-cidades"],"_links":{"self":[{"href":"https:\/\/www.caririemacao.com\/1\/wp-json\/wp\/v2\/posts\/160511","targetHints":{"allow":["GET"]}}],"collection":[{"href":"https:\/\/www.caririemacao.com\/1\/wp-json\/wp\/v2\/posts"}],"about":[{"href":"https:\/\/www.caririemacao.com\/1\/wp-json\/wp\/v2\/types\/post"}],"author":[{"embeddable":true,"href":"https:\/\/www.caririemacao.com\/1\/wp-json\/wp\/v2\/users\/2"}],"replies":[{"embeddable":true,"href":"https:\/\/www.caririemacao.com\/1\/wp-json\/wp\/v2\/comments?post=160511"}],"version-history":[{"count":1,"href":"https:\/\/www.caririemacao.com\/1\/wp-json\/wp\/v2\/posts\/160511\/revisions"}],"predecessor-version":[{"id":160512,"href":"https:\/\/www.caririemacao.com\/1\/wp-json\/wp\/v2\/posts\/160511\/revisions\/160512"}],"wp:featuredmedia":[{"embeddable":true,"href":"https:\/\/www.caririemacao.com\/1\/wp-json\/wp\/v2\/media\/95009"}],"wp:attachment":[{"href":"https:\/\/www.caririemacao.com\/1\/wp-json\/wp\/v2\/media?parent=160511"}],"wp:term":[{"taxonomy":"category","embeddable":true,"href":"https:\/\/www.caririemacao.com\/1\/wp-json\/wp\/v2\/categories?post=160511"},{"taxonomy":"post_tag","embeddable":true,"href":"https:\/\/www.caririemacao.com\/1\/wp-json\/wp\/v2\/tags?post=160511"}],"curies":[{"name":"wp","href":"https:\/\/api.w.org\/{rel}","templated":true}]}}