{"id":160535,"date":"2020-03-27T07:21:02","date_gmt":"2020-03-27T10:21:02","guid":{"rendered":"http:\/\/www.caririemacao.com\/1\/?p=160535"},"modified":"2020-03-27T07:21:04","modified_gmt":"2020-03-27T10:21:04","slug":"joao-azevedo-sanciona-lei-parceiros-da-habitacao-que-recebera-r-15-milhoes-para-construcao-de-casas-a-pessoas-de-baixa-renda-2","status":"publish","type":"post","link":"https:\/\/www.caririemacao.com\/1\/2020\/03\/27\/joao-azevedo-sanciona-lei-parceiros-da-habitacao-que-recebera-r-15-milhoes-para-construcao-de-casas-a-pessoas-de-baixa-renda-2\/","title":{"rendered":"Jo\u00e3o Azev\u00eado sanciona lei \u2018Parceiros da Habita\u00e7\u00e3o\u2019 que receber\u00e1 R$ 15 milh\u00f5es para constru\u00e7\u00e3o de casas a pessoas de baixa renda"},"content":{"rendered":"\n<p>O governador Jo\u00e3o Azev\u00eado sancionou a lei 11.661, de autoria do Poder Executivo, que institui o novo programa de habita\u00e7\u00e3o popular do Estado da Para\u00edba \u2013 \u2018Parceiros da Habita\u00e7\u00e3o\u2019, destinado a atender, prioritariamente, \u00e0s fam\u00edlias com renda de at\u00e9 tr\u00eas sal\u00e1rios m\u00ednimos. A lei, aprovada pela Assembleia Legislativa, foi publicada no Di\u00e1rio Oficial desta quinta-feira (26).<\/p>\n\n\n\n<p>A iniciativa do Governo do Estado, em parceria com entidades, prefeituras e mutu\u00e1rios, viabilizar\u00e1 a constru\u00e7\u00e3o de casas que seguir\u00e3o o padr\u00e3o de 42,2m\u00b2, tanto na modalidade conjunto, quanto isolada, sendo compostas por dois quartos, sala, cozinha, \u00e1rea de servi\u00e7o e banheiro, atendendo fam\u00edlias com renda de at\u00e9 tr\u00eas sal\u00e1rios m\u00ednimos.<\/p>\n\n\n\n<p>As etapas do programa compreendem a an\u00e1lise da proposta e apresenta\u00e7\u00e3o de documentos t\u00e9cnicos, sociais e jur\u00eddicos para a elabora\u00e7\u00e3o do cronograma de obra, sele\u00e7\u00e3o de benefici\u00e1rios e assinatura do termo de coopera\u00e7\u00e3o e compromisso.<\/p>\n\n\n\n<p>O estado participar\u00e1 com o aux\u00edlio econ\u00f4mico pr\u00e9-estipulado, disponibilizar\u00e1 os projetos como assist\u00eancia t\u00e9cnica, acompanhamento social e fiscaliza\u00e7\u00e3o da obra, podendo ofertar \u00e1reas para a implanta\u00e7\u00e3o e colaborar com a infraestrutura.<\/p>\n\n\n\n<p>Os parceiros poder\u00e3o participar do programa atrav\u00e9s da disponibiliza\u00e7\u00e3o de materiais, m\u00e3o-de-obra ou repasse de recursos. Os benefici\u00e1rios selecionados tamb\u00e9m poder\u00e3o participar como parceiros da iniciativa.<\/p>\n","protected":false},"excerpt":{"rendered":"<p>O governador Jo\u00e3o Azev\u00eado sancionou a lei 11.661, de autoria do Poder Executivo, que institui o novo programa de habita\u00e7\u00e3o popular do Estado da Para\u00edba&hellip; <\/p>\n","protected":false},"author":2,"featured_media":66358,"comment_status":"closed","ping_status":"closed","sticky":false,"template":"","format":"standard","meta":{"sfsi_plus_gutenberg_text_before_share":"","sfsi_plus_gutenberg_show_text_before_share":"","sfsi_plus_gutenberg_icon_type":"","sfsi_plus_gutenberg_icon_alignemt":"","sfsi_plus_gutenburg_max_per_row":"","footnotes":""},"categories":[6],"tags":[],"class_list":["post-160535","post","type-post","status-publish","format-standard","has-post-thumbnail","hentry","category-cidades"],"_links":{"self":[{"href":"https:\/\/www.caririemacao.com\/1\/wp-json\/wp\/v2\/posts\/160535","targetHints":{"allow":["GET"]}}],"collection":[{"href":"https:\/\/www.caririemacao.com\/1\/wp-json\/wp\/v2\/posts"}],"about":[{"href":"https:\/\/www.caririemacao.com\/1\/wp-json\/wp\/v2\/types\/post"}],"author":[{"embeddable":true,"href":"https:\/\/www.caririemacao.com\/1\/wp-json\/wp\/v2\/users\/2"}],"replies":[{"embeddable":true,"href":"https:\/\/www.caririemacao.com\/1\/wp-json\/wp\/v2\/comments?post=160535"}],"version-history":[{"count":1,"href":"https:\/\/www.caririemacao.com\/1\/wp-json\/wp\/v2\/posts\/160535\/revisions"}],"predecessor-version":[{"id":160536,"href":"https:\/\/www.caririemacao.com\/1\/wp-json\/wp\/v2\/posts\/160535\/revisions\/160536"}],"wp:featuredmedia":[{"embeddable":true,"href":"https:\/\/www.caririemacao.com\/1\/wp-json\/wp\/v2\/media\/66358"}],"wp:attachment":[{"href":"https:\/\/www.caririemacao.com\/1\/wp-json\/wp\/v2\/media?parent=160535"}],"wp:term":[{"taxonomy":"category","embeddable":true,"href":"https:\/\/www.caririemacao.com\/1\/wp-json\/wp\/v2\/categories?post=160535"},{"taxonomy":"post_tag","embeddable":true,"href":"https:\/\/www.caririemacao.com\/1\/wp-json\/wp\/v2\/tags?post=160535"}],"curies":[{"name":"wp","href":"https:\/\/api.w.org\/{rel}","templated":true}]}}