{"id":160540,"date":"2020-03-27T07:22:44","date_gmt":"2020-03-27T10:22:44","guid":{"rendered":"http:\/\/www.caririemacao.com\/1\/?p=160540"},"modified":"2020-03-27T07:22:46","modified_gmt":"2020-03-27T10:22:46","slug":"prefeito-adriano-wolff-recebe-tecnicos-do-estado-especialistas-em-seguranca-hidrica-e-civil","status":"publish","type":"post","link":"https:\/\/www.caririemacao.com\/1\/2020\/03\/27\/prefeito-adriano-wolff-recebe-tecnicos-do-estado-especialistas-em-seguranca-hidrica-e-civil\/","title":{"rendered":"Prefeito Adriano Wolff recebe t\u00e9cnicos do estado especialistas em seguran\u00e7a h\u00eddrica e civil"},"content":{"rendered":"\n<figure class=\"wp-block-image\"><a href=\"https:\/\/1.bp.blogspot.com\/-43INUE7SrMc\/Xn3OwxjotVI\/AAAAAAAAH00\/-G78vDeIegwG2VPNSR97ITArpOdVhZMZQCLcBGAsYHQ\/s1600\/aaaa.jpg\"><img decoding=\"async\" data-src=\"https:\/\/1.bp.blogspot.com\/-43INUE7SrMc\/Xn3OwxjotVI\/AAAAAAAAH00\/-G78vDeIegwG2VPNSR97ITArpOdVhZMZQCLcBGAsYHQ\/s280\/aaaa.jpg\" alt=\"\" src=\"data:image\/svg+xml;base64,PHN2ZyB3aWR0aD0iMSIgaGVpZ2h0PSIxIiB4bWxucz0iaHR0cDovL3d3dy53My5vcmcvMjAwMC9zdmciPjwvc3ZnPg==\" class=\"lazyload\" \/><\/a><\/figure>\n\n\n\n<p>O prefeito Adriano Wolff e sua equipe que est\u00e1 trabalhando para amenizar os efeitos da enchente da \u00faltima segunda feira receberam um importante refor\u00e7o na manh\u00e3 desta quinta feira, 26, para colaborar com a coordena\u00e7\u00e3o das a\u00e7\u00f5es.<\/p>\n\n\n\n<p><br>Duas autoridades no que se diz respeito \u00e0 seguran\u00e7a h\u00eddrica e civil. Jo\u00e3o Pedro, engenheiro da AESA e o Coronel Jean Ben\u00edcio do Corpo de Bombeiro estiveram o dia inteiro ao lado do gestor e de sua equipe, visitando, avaliando e tra\u00e7ando a\u00e7\u00f5es que podem amenizar a situa\u00e7\u00e3o e evitar em um futuro pr\u00f3ximo, que outros transtornos como estes aconte\u00e7am.<\/p>\n\n\n\n<p><br>Foram realizadas visitas em v\u00e1rias barragens e a\u00e7udes, entre eles a parede do a\u00e7ude de Santo Ant\u00f4nio que passou por vistoria e onde foram tra\u00e7adas metas para evitar novas ocorr\u00eancias.<\/p>\n\n\n\n<p><br>Estiveram participando das visitas, al\u00e9m do prefeito,\u00a0\u00a0o Vice-prefeito Chico de Mariano, o Coronel do Corpo de Bombeiros, Jean Benicio, Jo\u00e3o Pedro da AESA, e o Secret\u00e1rio Paulo Manuel e membros da equipe formada pela gest\u00e3o para atuar durante esta crise.<\/p>\n\n\n\n<p><strong><br>F\u00c1BIO BRITO<\/strong><\/p>\n","protected":false},"excerpt":{"rendered":"<p>O prefeito Adriano Wolff e sua equipe que est\u00e1 trabalhando para amenizar os efeitos da enchente da \u00faltima segunda feira receberam um importante refor\u00e7o na&hellip; <\/p>\n","protected":false},"author":2,"featured_media":160541,"comment_status":"closed","ping_status":"closed","sticky":false,"template":"","format":"standard","meta":{"sfsi_plus_gutenberg_text_before_share":"","sfsi_plus_gutenberg_show_text_before_share":"","sfsi_plus_gutenberg_icon_type":"","sfsi_plus_gutenberg_icon_alignemt":"","sfsi_plus_gutenburg_max_per_row":"","footnotes":""},"categories":[6],"tags":[],"class_list":["post-160540","post","type-post","status-publish","format-standard","has-post-thumbnail","hentry","category-cidades"],"_links":{"self":[{"href":"https:\/\/www.caririemacao.com\/1\/wp-json\/wp\/v2\/posts\/160540","targetHints":{"allow":["GET"]}}],"collection":[{"href":"https:\/\/www.caririemacao.com\/1\/wp-json\/wp\/v2\/posts"}],"about":[{"href":"https:\/\/www.caririemacao.com\/1\/wp-json\/wp\/v2\/types\/post"}],"author":[{"embeddable":true,"href":"https:\/\/www.caririemacao.com\/1\/wp-json\/wp\/v2\/users\/2"}],"replies":[{"embeddable":true,"href":"https:\/\/www.caririemacao.com\/1\/wp-json\/wp\/v2\/comments?post=160540"}],"version-history":[{"count":1,"href":"https:\/\/www.caririemacao.com\/1\/wp-json\/wp\/v2\/posts\/160540\/revisions"}],"predecessor-version":[{"id":160542,"href":"https:\/\/www.caririemacao.com\/1\/wp-json\/wp\/v2\/posts\/160540\/revisions\/160542"}],"wp:featuredmedia":[{"embeddable":true,"href":"https:\/\/www.caririemacao.com\/1\/wp-json\/wp\/v2\/media\/160541"}],"wp:attachment":[{"href":"https:\/\/www.caririemacao.com\/1\/wp-json\/wp\/v2\/media?parent=160540"}],"wp:term":[{"taxonomy":"category","embeddable":true,"href":"https:\/\/www.caririemacao.com\/1\/wp-json\/wp\/v2\/categories?post=160540"},{"taxonomy":"post_tag","embeddable":true,"href":"https:\/\/www.caririemacao.com\/1\/wp-json\/wp\/v2\/tags?post=160540"}],"curies":[{"name":"wp","href":"https:\/\/api.w.org\/{rel}","templated":true}]}}