{"id":160545,"date":"2020-03-27T07:24:08","date_gmt":"2020-03-27T10:24:08","guid":{"rendered":"http:\/\/www.caririemacao.com\/1\/?p=160545"},"modified":"2020-03-27T07:24:09","modified_gmt":"2020-03-27T10:24:09","slug":"prefeitura-entrega-mais-doacoes-e-paroquia-de-sao-sebastiao-do-umbuzeiro-realiza-entrega-de-cuscuz-temperado","status":"publish","type":"post","link":"https:\/\/www.caririemacao.com\/1\/2020\/03\/27\/prefeitura-entrega-mais-doacoes-e-paroquia-de-sao-sebastiao-do-umbuzeiro-realiza-entrega-de-cuscuz-temperado\/","title":{"rendered":"Prefeitura entrega mais doa\u00e7\u00f5es, e par\u00f3quia de S\u00e3o Sebasti\u00e3o do Umbuzeiro realiza entrega de cuscuz temperado"},"content":{"rendered":"\n<p>Em um esfor\u00e7o conjunto, a gest\u00e3o municipal, a pr\u00f3pria popula\u00e7\u00e3o, amigos de v\u00e1rias cidades, e a par\u00f3quia de S\u00e3o Sebasti\u00e3o do Umbuzeiro est\u00e3o ajudando diariamente a amenizar o problema das mais de 90 fam\u00edlias atingidas pelas enchentes na \u00faltima segunda feira.<\/p>\n\n\n\n<p><br>De acordo com o prefeito Adriano Wolff, nesta quinta foi realizada mais uma entrega de cestas b\u00e1sicas que foram fruto de doa\u00e7\u00f5es das fam\u00edlias de S\u00e3o Sebasti\u00e3o do Umbuzeiro, Zabel\u00ea, Monteiro, S\u00e3o Jo\u00e3o do Tigre, Po\u00e7\u00e3o-PE e at\u00e9 vindas de Goi\u00e2nia \u2013GO.<\/p>\n\n\n\n<p><br>Mais a\u00e7\u00f5es est\u00e3o sendo realizadas pela gest\u00e3o municipal de S\u00e3o Sebasti\u00e3o do Umbuzeiro para evitar novos epis\u00f3dios de enchente no munic\u00edpio.<\/p>\n\n\n\n<p><br><strong>AJUDA DA PAR\u00d3QUIA<\/strong><\/p>\n\n\n\n<p><br>O Padre Marcos e a sua equipe pastoral tamb\u00e9m entraram com for\u00e7a total nesta corrente de solidariedade, e tem ajudado bastante com a\u00e7\u00f5es como a arrecada\u00e7\u00e3o e entrega de donativos, e tamb\u00e9m a distribui\u00e7\u00e3o de cestas b\u00e1sicas, e at\u00e9 do cuscuz temperado para amenizar a fome das pessoas que ainda est\u00e3o com muitos transtornos em suas casas, em momento extremamente dif\u00edcil.<\/p>\n\n\n\n<p><br><strong>F\u00c1BIO BRITO<\/strong><\/p>\n","protected":false},"excerpt":{"rendered":"<p>Em um esfor\u00e7o conjunto, a gest\u00e3o municipal, a pr\u00f3pria popula\u00e7\u00e3o, amigos de v\u00e1rias cidades, e a par\u00f3quia de S\u00e3o Sebasti\u00e3o do Umbuzeiro est\u00e3o ajudando diariamente&hellip; <\/p>\n","protected":false},"author":2,"featured_media":160546,"comment_status":"closed","ping_status":"closed","sticky":false,"template":"","format":"standard","meta":{"sfsi_plus_gutenberg_text_before_share":"","sfsi_plus_gutenberg_show_text_before_share":"","sfsi_plus_gutenberg_icon_type":"","sfsi_plus_gutenberg_icon_alignemt":"","sfsi_plus_gutenburg_max_per_row":"","footnotes":""},"categories":[6],"tags":[],"class_list":["post-160545","post","type-post","status-publish","format-standard","has-post-thumbnail","hentry","category-cidades"],"_links":{"self":[{"href":"https:\/\/www.caririemacao.com\/1\/wp-json\/wp\/v2\/posts\/160545","targetHints":{"allow":["GET"]}}],"collection":[{"href":"https:\/\/www.caririemacao.com\/1\/wp-json\/wp\/v2\/posts"}],"about":[{"href":"https:\/\/www.caririemacao.com\/1\/wp-json\/wp\/v2\/types\/post"}],"author":[{"embeddable":true,"href":"https:\/\/www.caririemacao.com\/1\/wp-json\/wp\/v2\/users\/2"}],"replies":[{"embeddable":true,"href":"https:\/\/www.caririemacao.com\/1\/wp-json\/wp\/v2\/comments?post=160545"}],"version-history":[{"count":1,"href":"https:\/\/www.caririemacao.com\/1\/wp-json\/wp\/v2\/posts\/160545\/revisions"}],"predecessor-version":[{"id":160547,"href":"https:\/\/www.caririemacao.com\/1\/wp-json\/wp\/v2\/posts\/160545\/revisions\/160547"}],"wp:featuredmedia":[{"embeddable":true,"href":"https:\/\/www.caririemacao.com\/1\/wp-json\/wp\/v2\/media\/160546"}],"wp:attachment":[{"href":"https:\/\/www.caririemacao.com\/1\/wp-json\/wp\/v2\/media?parent=160545"}],"wp:term":[{"taxonomy":"category","embeddable":true,"href":"https:\/\/www.caririemacao.com\/1\/wp-json\/wp\/v2\/categories?post=160545"},{"taxonomy":"post_tag","embeddable":true,"href":"https:\/\/www.caririemacao.com\/1\/wp-json\/wp\/v2\/tags?post=160545"}],"curies":[{"name":"wp","href":"https:\/\/api.w.org\/{rel}","templated":true}]}}